{"id":12152,"date":"2012-06-01T22:56:11","date_gmt":"2012-06-01T20:56:11","guid":{"rendered":"http:\/\/www.andreas-edler.de\/blog\/?p=12152"},"modified":"2012-06-01T22:57:04","modified_gmt":"2012-06-01T20:57:04","slug":"bergamont-sweep-n8-eq-gent","status":"publish","type":"post","link":"https:\/\/www.andreas-edler.de\/blog\/2012\/06\/bergamont-sweep-n8-eq-gent\/","title":{"rendered":"Bergamont Sweep N8 EQ Gent"},"content":{"rendered":"<p>Heute morgen machten meine Stirnh\u00f6hlen derartig Rabbatz, dass ich kurz vor 10 eine Tablette genommen habe und um 11 <a href=\"http:\/\/nochmehrsenf.blogspot.de\/2012\/06\/zu-stark.html\">beim Arzt im Sprechzimmer<\/a> sa\u00df. Antibiotika sind nun angesagt. Zur Belohnung &#8211; und weil ich es mit dem H\u00e4ndler gestern so abgemacht hatte &#8211; bin ich an die Mindener Stra\u00dfe gefahren und dort bei <a href=\"http:\/\/www.bikesports.eu\">Bikesports<\/a> eingekehrt. Bin quasi fremdgegangen, aber der <a href=\"http:\/\/www.radladen.com\">Radladen<\/a> hatte nichts, was mir nach der M\u00fctze war. Und an der Mindener hatte ich das <a href=\"http:\/\/www.scott-sports.com\/ch\/de\/products\/221852006\/bike-venture-40-men-xl\/\">Scott Venture 40<\/a> gesehen, und mich <a href=\"https:\/\/twitter.com\/filmfacts\/status\/208161003714785280\">sofort verliebt<\/a>.<\/p>\n<p>Heute wollte ich dann mal probefahren. Scott sagt, dass ein L-Rahmen bis 1,90 Gr\u00f6\u00dfe passt. Mir aber nicht. Nach ein bisschen \u00fcberlegen und im Katalog bl\u00e4ttern, w\u00e4re sogar der XL-Rahmen mit 55cm eher zu klein. Das <a href=\"http:\/\/www.andreas-edler.de\/blog\/2008\/01\/scott-aspect-50\/\">Aspect 50<\/a> hat immerhin einen 60er Rahmen. Da kommen wir wohl nicht zusammen. Ich war schon ein bisschen ent\u00e4uscht. Gestern hatte ich beim Schlendern im Laden allerdings schon ein Bergamont gesehen. Ich will aber Scott &#8230; blo\u00df das Bergamont sah ehrlicherweise ein bisschen besser aus. Kein Schnick-Schnack dran. Ein freundliches matt-schwarz und super-leicht.<!--more--> <\/p>\n<p style=\"text-align:center;font-size: smaller;\"><img decoding=\"async\" src=\"http:\/\/www.andreas-edler.de\/grafik\/blog_2012\/20120601_bergamont_sweep_n8_eq.jpg\" width=\"470\" border=\"0\" alt=\"\" title=\"\"><\/p>\n<p> Habe ich mal n\u00e4her angesehen. Nexus-Drehschaltgriff und Nabenschaltung waren zwei Dinge, die ich nun gar nicht auf der Liste hatte. Aber der Antrieb sieht so ohne Umwerfer und Schaltwerk schon gut aus. Und der Rahmen erst. Ich bin dann mit dem Rad einmal um den Block gefahren und fand das schon recht gut. Und wenn ich mal ganz in mich gehe, dann ist das ja das Rad, mit dem ich nur problemlos zur Arbeit will. Und ein- oder zweimal eine mehrt\u00e4gige Wandertour machen &#8230; und keine Rennen fahren. Da ist so eine wartungsarme Schaltung sicher angenehmer, als eine herk\u00f6mmliche.<\/p>\n<p>Und das ist jetzt echt kein sch\u00f6nreden, das <a href=\"http:\/\/www.bergamont.de\/Bike.aspx?bikID=46325\">Sweep N8 EQ<\/a> gef\u00e4llt mir richtig gut und es l\u00e4uft super. An den Lenker muss ich noch mein ganzes Brimborium basteln, f\u00fcr den Gep\u00e4cktr\u00e4ger muss ich noch nach einem Aufbau suchen, damit ich da auch mal was drauf festklemmen kann. Der ist standardm\u00e4\u00dfig n\u00e4mlich nur ein Taschenhalter. Aber davon abgesehen ist es ein astreines Rad. Ich freu&#8216; mich. Mal sehen, was ich jetzt mit dem Purgatory und dessen abgerissener Bremshalterung und dem schiefen Schaltauge mache.<\/p>\n<p>Die Pedale im Bild sind \u00fcbrigens nicht original. Ich habe mir gleich Shimano PD-A530 ins silber montieren lassen. Und die Griffe werden auch noch getauscht. Die von Bergamont verbauten haben zwar schon eine Handballenauflage, sind aber mit den <a href=\"http:\/\/www.andreas-edler.de\/blog\/2006\/07\/ergon-griffe\/\" title=\"Ergon-Griffe\">Ergons<\/a> nicht zu verleichen. Die kommen aber erst n\u00e4chste Woche. So lange werde ich die verbauten wohl &#8222;ertragen&#8220; ;-)<\/p>\n","protected":false},"excerpt":{"rendered":"<p>Heute morgen machten meine Stirnh\u00f6hlen derartig Rabbatz, dass ich kurz vor 10 eine Tablette genommen habe und um 11 beim Arzt im Sprechzimmer sa\u00df. Antibiotika sind nun angesagt. Zur Belohnung &#8211; und weil ich es mit dem H\u00e4ndler gestern so &hellip;<\/p>\n<p class=\"read-more\"> <a class=\"more-link\" href=\"https:\/\/www.andreas-edler.de\/blog\/2012\/06\/bergamont-sweep-n8-eq-gent\/\"> <span class=\"screen-reader-text\">Bergamont Sweep N8 EQ Gent<\/span> Weiterlesen &raquo;<\/a><\/p>\n","protected":false},"author":1,"featured_media":0,"comment_status":"open","ping_status":"open","sticky":false,"template":"","format":"standard","meta":{"ngg_post_thumbnail":0,"activitypub_content_warning":"","activitypub_content_visibility":"","activitypub_max_image_attachments":2,"activitypub_interaction_policy_quote":"anyone","activitypub_status":"","footnotes":""},"categories":[15],"tags":[64],"class_list":["post-12152","post","type-post","status-publish","format-standard","hentry","category-fahrrad","tag-konsum"],"share_on_mastodon":{"url":"","error":""},"_links":{"self":[{"href":"https:\/\/www.andreas-edler.de\/blog\/wp-json\/wp\/v2\/posts\/12152","targetHints":{"allow":["GET"]}}],"collection":[{"href":"https:\/\/www.andreas-edler.de\/blog\/wp-json\/wp\/v2\/posts"}],"about":[{"href":"https:\/\/www.andreas-edler.de\/blog\/wp-json\/wp\/v2\/types\/post"}],"author":[{"embeddable":true,"href":"https:\/\/www.andreas-edler.de\/blog\/wp-json\/wp\/v2\/users\/1"}],"replies":[{"embeddable":true,"href":"https:\/\/www.andreas-edler.de\/blog\/wp-json\/wp\/v2\/comments?post=12152"}],"version-history":[{"count":0,"href":"https:\/\/www.andreas-edler.de\/blog\/wp-json\/wp\/v2\/posts\/12152\/revisions"}],"wp:attachment":[{"href":"https:\/\/www.andreas-edler.de\/blog\/wp-json\/wp\/v2\/media?parent=12152"}],"wp:term":[{"taxonomy":"category","embeddable":true,"href":"https:\/\/www.andreas-edler.de\/blog\/wp-json\/wp\/v2\/categories?post=12152"},{"taxonomy":"post_tag","embeddable":true,"href":"https:\/\/www.andreas-edler.de\/blog\/wp-json\/wp\/v2\/tags?post=12152"}],"curies":[{"name":"wp","href":"https:\/\/api.w.org\/{rel}","templated":true}]}}