{"id":12062,"date":"2012-05-20T14:33:01","date_gmt":"2012-05-20T12:33:01","guid":{"rendered":"http:\/\/www.andreas-edler.de\/blog\/?p=12062"},"modified":"2012-05-20T14:33:01","modified_gmt":"2012-05-20T12:33:01","slug":"sonntagsrunde-3","status":"publish","type":"post","link":"https:\/\/www.andreas-edler.de\/blog\/2012\/05\/sonntagsrunde-3\/","title":{"rendered":"Sonntagsrunde"},"content":{"rendered":"<p>Ich habe heute morgen gut &#8217;ne halbe Stunde gebraucht, bis ich geradeaus gucken konnte. Kopfweh, Nase und Nebenh\u00f6hlen zu. In der Dusche habe ich dann sch\u00f6n alles durchgesp\u00fclt, aber der Weg zum Br\u00f6tchen holen hat mich schon geschafft. War total durch geschwitzt. Allerdings schien die Sonne so verlockend und ich war immer noch Strohwitwer. Da konnte ich es nicht lassen und eine kleine Runde mit dem Rad zu fahren. Hoch nach Bergkirchen, runter nach L\u00f6hne, von da hoch zum Wittel und durch die Stadt zur\u00fcck. <\/p>\n<p>Das Wetter macht offensichtlich aber nicht nur mir zu schaffen, auch Autofahrern schl\u00e4gt es auf die M\u00fctze. Anders kann ich mir nicht erkl\u00e4ren, dass ich heute so derma\u00dfen h\u00e4ufig mit Ellenbogenabstand \u00fcberholt wurde. Zudem waren wilde Gestikulierer unterwegs, die mir durch Hupen und zeigen deutlich machten, wo ich ihrer Meinung nach zu fahren h\u00e4tte. Das hatte ich ja lange nicht. <\/p>\n<p style=\"text-align:center;font-size: smaller;\"><img decoding=\"async\" src=\"http:\/\/www.andreas-edler.de\/grafik\/blog_2012\/20120520_herforder_strasse.jpg\" width=\"470\" border=\"0\" alt=\"\" title=\"\"><\/p>\n<p> Und mir war auch, als h\u00e4tte die Herforder Stra\u00dfe vor gar nicht allzu langer Zeit bereits solch massive Bauarbeiten erlebt. Aber was wei\u00df ich schon, ob man das nicht h\u00e4tte kombinieren k\u00f6nnen. <\/p>\n<p style=\"text-align:center;font-size: smaller;\"><img decoding=\"async\" src=\"http:\/\/www.andreas-edler.de\/grafik\/blog_2012\/20120520_unaufgeraumt.jpg\" width=\"470\" border=\"0\" alt=\"\" title=\"\"><\/p>\n<p> Kurz vor zu Hause ist mir dann noch eine sch\u00f6ne Stelle vor die Kamera gekommen. Habe ich ja schon \u00f6fter gesagt, dass ich es mag, wenn sich die Natur die Zivilisation einverleibt :-) Nur der ganze M\u00fcll der dort auch rumliegt tr\u00fcbt die Idylle.<\/p>\n<p>War ganz sch\u00f6n &#8211; aber ich f\u00fchle mich jetzt ein bisschen ger\u00e4dert.<\/p>\n<p>31,8 Km | 21,4 Km\/h Schnitt | 50,8 Km\/h max. | 356 H\u00f6henmeter<\/p>\n","protected":false},"excerpt":{"rendered":"<p>Ich habe heute morgen gut &#8217;ne halbe Stunde gebraucht, bis ich geradeaus gucken konnte. Kopfweh, Nase und Nebenh\u00f6hlen zu. In der Dusche habe ich dann sch\u00f6n alles durchgesp\u00fclt, aber der Weg zum Br\u00f6tchen holen hat mich schon geschafft. War total &hellip;<\/p>\n<p class=\"read-more\"> <a class=\"more-link\" href=\"https:\/\/www.andreas-edler.de\/blog\/2012\/05\/sonntagsrunde-3\/\"> <span class=\"screen-reader-text\">Sonntagsrunde<\/span> Weiterlesen &raquo;<\/a><\/p>\n","protected":false},"author":1,"featured_media":0,"comment_status":"open","ping_status":"open","sticky":false,"template":"","format":"standard","meta":{"ngg_post_thumbnail":0,"activitypub_content_warning":"","activitypub_content_visibility":"","activitypub_max_image_attachments":2,"activitypub_interaction_policy_quote":"anyone","activitypub_status":"","footnotes":""},"categories":[15],"tags":[4],"class_list":["post-12062","post","type-post","status-publish","format-standard","hentry","category-fahrrad","tag-foto"],"share_on_mastodon":{"url":"","error":""},"_links":{"self":[{"href":"https:\/\/www.andreas-edler.de\/blog\/wp-json\/wp\/v2\/posts\/12062","targetHints":{"allow":["GET"]}}],"collection":[{"href":"https:\/\/www.andreas-edler.de\/blog\/wp-json\/wp\/v2\/posts"}],"about":[{"href":"https:\/\/www.andreas-edler.de\/blog\/wp-json\/wp\/v2\/types\/post"}],"author":[{"embeddable":true,"href":"https:\/\/www.andreas-edler.de\/blog\/wp-json\/wp\/v2\/users\/1"}],"replies":[{"embeddable":true,"href":"https:\/\/www.andreas-edler.de\/blog\/wp-json\/wp\/v2\/comments?post=12062"}],"version-history":[{"count":0,"href":"https:\/\/www.andreas-edler.de\/blog\/wp-json\/wp\/v2\/posts\/12062\/revisions"}],"wp:attachment":[{"href":"https:\/\/www.andreas-edler.de\/blog\/wp-json\/wp\/v2\/media?parent=12062"}],"wp:term":[{"taxonomy":"category","embeddable":true,"href":"https:\/\/www.andreas-edler.de\/blog\/wp-json\/wp\/v2\/categories?post=12062"},{"taxonomy":"post_tag","embeddable":true,"href":"https:\/\/www.andreas-edler.de\/blog\/wp-json\/wp\/v2\/tags?post=12062"}],"curies":[{"name":"wp","href":"https:\/\/api.w.org\/{rel}","templated":true}]}}