{"id":12060,"date":"2012-05-20T09:01:00","date_gmt":"2012-05-20T07:01:00","guid":{"rendered":"http:\/\/www.andreas-edler.de\/blog\/?p=12060"},"modified":"2012-05-20T09:01:00","modified_gmt":"2012-05-20T07:01:00","slug":"leichte-sichtbehinderung","status":"publish","type":"post","link":"https:\/\/www.andreas-edler.de\/blog\/2012\/05\/leichte-sichtbehinderung\/","title":{"rendered":"Leichte Sichtbehinderung?"},"content":{"rendered":"<p>Meine Fresse, die Polizei wird aber auch nicht m\u00fcde, sich schon pr\u00e4ventiv mildernde Umst\u00e4nde f\u00fcr Autofahrer auszudenken: <cite>Polizei Mi-L\u00fc: <b><a href=\"http:\/\/www.presseportal.de\/polizeipresse\/pm\/43553\/2255687\/pol-mi-radfahrer-durch-unfall-leicht-verletzt\/rss\">Radfahrer durch Unfall leicht verletzt.<\/a><\/b><br \/>\n&#8230; befuhr eine 65-j\u00e4hrige Mindenerin &#8230; die Ausfahrt des NETTO-Einkaufsmarkt in Hahlen, um nach rechts auf die K\u00f6nigstra\u00dfe einzubiegen; sie hielt zun\u00e4chst im Einm\u00fcndungsbereich an. Aufgrund einer leichten Sichtbehinderung fuhr sie langsam an, als pl\u00f6tzlich ein aus ihrer Sicht von rechts kommender Radfahrer, der den dortigen Radweg nutzte, gegen den PKW fuhr &#8230;<\/cite> Die AUtofahrerin hielt nat\u00fcrlich an, dann setzte sie sich langsam in Bewegung. Der Radfahrer war im Gegenzug &#8222;pl\u00f6tzlich&#8220; da und &#8211; auch sehr sch\u00f6n &#8211; er war der aktive Part, denn er fuhr gegen den PKW. Nicht der PKW nahm ihm die Vorfahrt! Interessant auch, dass der Radfahrer ja eigentlich linksseitig &#8211; also gegen die normale Fahrtrichtung &#8211; unterwegs war. Das wird von der Polizei nicht thematisiert. Ich vermute &#8211; kenne die Ecke nicht &#8211; dort wird es eine entsprechende Benutzungspflicht geben oder der Weg ist zumindest &#8222;Radfahrer frei&#8220; ausgeschildert. Da passt es dann nat\u00fcrlich nicht ins Bild, dass der Radler alles richtig gemacht hat.<\/p>\n<p>Ich frage mich immer, was so eine Berichterstattung bezwecken soll. <\/p>\n","protected":false},"excerpt":{"rendered":"<p>Meine Fresse, die Polizei wird aber auch nicht m\u00fcde, sich schon pr\u00e4ventiv mildernde Umst\u00e4nde f\u00fcr Autofahrer auszudenken: Polizei Mi-L\u00fc: Radfahrer durch Unfall leicht verletzt. &#8230; befuhr eine 65-j\u00e4hrige Mindenerin &#8230; die Ausfahrt des NETTO-Einkaufsmarkt in Hahlen, um nach rechts auf &hellip;<\/p>\n<p class=\"read-more\"> <a class=\"more-link\" href=\"https:\/\/www.andreas-edler.de\/blog\/2012\/05\/leichte-sichtbehinderung\/\"> <span class=\"screen-reader-text\">Leichte Sichtbehinderung?<\/span> Weiterlesen &raquo;<\/a><\/p>\n","protected":false},"author":1,"featured_media":0,"comment_status":"open","ping_status":"open","sticky":false,"template":"","format":"standard","meta":{"ngg_post_thumbnail":0,"activitypub_content_warning":"","activitypub_content_visibility":"","activitypub_max_image_attachments":2,"activitypub_interaction_policy_quote":"anyone","activitypub_status":"","footnotes":""},"categories":[15],"tags":[37,34,59],"class_list":["post-12060","post","type-post","status-publish","format-standard","hentry","category-fahrrad","tag-auto","tag-kommunikation","tag-presse"],"share_on_mastodon":{"url":"","error":""},"_links":{"self":[{"href":"https:\/\/www.andreas-edler.de\/blog\/wp-json\/wp\/v2\/posts\/12060","targetHints":{"allow":["GET"]}}],"collection":[{"href":"https:\/\/www.andreas-edler.de\/blog\/wp-json\/wp\/v2\/posts"}],"about":[{"href":"https:\/\/www.andreas-edler.de\/blog\/wp-json\/wp\/v2\/types\/post"}],"author":[{"embeddable":true,"href":"https:\/\/www.andreas-edler.de\/blog\/wp-json\/wp\/v2\/users\/1"}],"replies":[{"embeddable":true,"href":"https:\/\/www.andreas-edler.de\/blog\/wp-json\/wp\/v2\/comments?post=12060"}],"version-history":[{"count":0,"href":"https:\/\/www.andreas-edler.de\/blog\/wp-json\/wp\/v2\/posts\/12060\/revisions"}],"wp:attachment":[{"href":"https:\/\/www.andreas-edler.de\/blog\/wp-json\/wp\/v2\/media?parent=12060"}],"wp:term":[{"taxonomy":"category","embeddable":true,"href":"https:\/\/www.andreas-edler.de\/blog\/wp-json\/wp\/v2\/categories?post=12060"},{"taxonomy":"post_tag","embeddable":true,"href":"https:\/\/www.andreas-edler.de\/blog\/wp-json\/wp\/v2\/tags?post=12060"}],"curies":[{"name":"wp","href":"https:\/\/api.w.org\/{rel}","templated":true}]}}