{"id":11994,"date":"2012-05-08T21:00:39","date_gmt":"2012-05-08T19:00:39","guid":{"rendered":"http:\/\/www.andreas-edler.de\/blog\/?p=11994"},"modified":"2025-04-13T17:39:10","modified_gmt":"2025-04-13T15:39:10","slug":"benutzungspflichtiger-radweg-mit-dem-auto","status":"publish","type":"post","link":"https:\/\/www.andreas-edler.de\/blog\/2012\/05\/benutzungspflichtiger-radweg-mit-dem-auto\/","title":{"rendered":"Benutzungspflichtiger Radweg &#8230; mit dem Auto"},"content":{"rendered":"<p>Heute morgen hat mir der erste Autofahrer auf dem benutzungspflichtigen Radweg der Eidinghausener Stra\u00dfe an der Ausfahrt der Jet-Tankstelle die Vorfahrt genommen. Naja, kenne ich. Hinter Spellmann fuhr ein LKW aus der Ausfahrt, aber wegen dem musste ich nur leicht bremsen. Voll in die Eisen und sch\u00f6n notfallm\u00e4\u00dfig ausweichen musste ich aber, als &#8230; <\/p>\n<p style=\"text-align:center;font-size: smaller;\"><img decoding=\"async\" src=\"http:\/\/www.andreas-edler.de\/grafik\/blog_2012\/20120508_gehweg_fahren.jpg\" width=\"470\" border=\"0\" alt=\"\" title=\"\"><\/p>\n<p> &#8230; dieses Fahrzeug unvermittelt auf den Ragweg auffuhr und darauf am B\u00fcro- und Schulweg-Stau auf der Eidinghausener Stra\u00dfe vorbei fahren wollte, um nach rechts auf die Werster Stra\u00dfe abzubiegen. Dass ich mich dar\u00fcber verst\u00e4ndlicherweise leicht echauffierte, verstand die Dame gar nicht. Ich wollte eigentlich weiter fahren, habe dann aber doch noch schnell ein Bild gemacht, sonst glaubt mir ja keiner.<\/p>\n<p>Als ich dann an der roten Ampel an der Querung der Werster Stra\u00dfe wartete, bog sie hinter mir auf die Werster Stra\u00dfe ab und schrie durch das herunter gelassene Fenster &#8222;Aber selber bei Rot r\u00fcber!&#8220; &#8230; nun, ich wei\u00df nicht ob man die Fragezeichen \u00fcber meinem Kopf gesehen hat. Immerhin hielt ich mich mit einer Hand am Ampelmasten fest und stand an der roten Ampel &#8211; die Radfahrer-\/Fu\u00dfg\u00e4ngerampel f\u00fcr die Querung der anderen Spur zeigte \u00fcbrigens sogar noch gr\u00fcn!<\/p>\n<p>Aber so ist die Wahrnehmung der Radfahrer aus den Augen des &#8222;gemeinen Autofahrers&#8220;. Ich habe die Dreistigkeit, mich dar\u00fcber zu beschweren, wenn er einen Fehler macht und mich d\u00e4mlicherweise auch noch massiv gef\u00e4hrdet. Das orange Dauerblinklicht an der Querung der Abbiegespur wird dann schnell mal zu &#8222;rot&#8220; interpretiert, damit ich doch der B\u00f6se bin. Irgendwas muss doch zu finden sein, damit der Radler der R\u00fcpel ist. Wann tut die Polizei mal gegen solche Leute etwas? Ist nicht das erste Mal, dass ich das erlebe!<\/p>\n","protected":false},"excerpt":{"rendered":"<p>Heute morgen hat mir der erste Autofahrer auf dem benutzungspflichtigen Radweg der Eidinghausener Stra\u00dfe an der Ausfahrt der Jet-Tankstelle die Vorfahrt genommen. Naja, kenne ich. Hinter Spellmann fuhr ein LKW aus der Ausfahrt, aber wegen dem musste ich nur leicht &hellip;<\/p>\n<p class=\"read-more\"> <a class=\"more-link\" href=\"https:\/\/www.andreas-edler.de\/blog\/2012\/05\/benutzungspflichtiger-radweg-mit-dem-auto\/\"> <span class=\"screen-reader-text\">Benutzungspflichtiger Radweg &#8230; mit dem Auto<\/span> Weiterlesen &raquo;<\/a><\/p>\n","protected":false},"author":1,"featured_media":0,"comment_status":"open","ping_status":"open","sticky":false,"template":"","format":"standard","meta":{"ngg_post_thumbnail":0,"activitypub_content_warning":"","activitypub_content_visibility":"","activitypub_max_image_attachments":2,"activitypub_interaction_policy_quote":"anyone","activitypub_status":"federated","footnotes":""},"categories":[14,15,18,13],"tags":[477,37,63,262,412,66,158,71,414,76,260],"class_list":["post-11994","post","type-post","status-publish","format-standard","hentry","category-bad-oeynhausen","category-fahrrad","category-fraglich","category-verkehr","tag-alltagsradverkehr","tag-auto","tag-benehmen","tag-eidinghausener-strasse","tag-mdrza","tag-mecker","tag-mit-dem-rad-zur-arbeit","tag-regeln","tag-runter-vom-radweg","tag-sicherheit","tag-stvo"],"share_on_mastodon":{"url":"","error":""},"_links":{"self":[{"href":"https:\/\/www.andreas-edler.de\/blog\/wp-json\/wp\/v2\/posts\/11994","targetHints":{"allow":["GET"]}}],"collection":[{"href":"https:\/\/www.andreas-edler.de\/blog\/wp-json\/wp\/v2\/posts"}],"about":[{"href":"https:\/\/www.andreas-edler.de\/blog\/wp-json\/wp\/v2\/types\/post"}],"author":[{"embeddable":true,"href":"https:\/\/www.andreas-edler.de\/blog\/wp-json\/wp\/v2\/users\/1"}],"replies":[{"embeddable":true,"href":"https:\/\/www.andreas-edler.de\/blog\/wp-json\/wp\/v2\/comments?post=11994"}],"version-history":[{"count":0,"href":"https:\/\/www.andreas-edler.de\/blog\/wp-json\/wp\/v2\/posts\/11994\/revisions"}],"wp:attachment":[{"href":"https:\/\/www.andreas-edler.de\/blog\/wp-json\/wp\/v2\/media?parent=11994"}],"wp:term":[{"taxonomy":"category","embeddable":true,"href":"https:\/\/www.andreas-edler.de\/blog\/wp-json\/wp\/v2\/categories?post=11994"},{"taxonomy":"post_tag","embeddable":true,"href":"https:\/\/www.andreas-edler.de\/blog\/wp-json\/wp\/v2\/tags?post=11994"}],"curies":[{"name":"wp","href":"https:\/\/api.w.org\/{rel}","templated":true}]}}