{"id":11986,"date":"2012-05-05T14:30:25","date_gmt":"2012-05-05T12:30:25","guid":{"rendered":"http:\/\/www.andreas-edler.de\/blog\/?p=11986"},"modified":"2012-05-05T14:30:25","modified_gmt":"2012-05-05T12:30:25","slug":"wahlkampf-im-regen","status":"publish","type":"post","link":"https:\/\/www.andreas-edler.de\/blog\/2012\/05\/wahlkampf-im-regen\/","title":{"rendered":"Wahlkampf im Regen"},"content":{"rendered":"<p>Pfl\u00fcgen oder Fr\u00e4sen bei meinen Eltern fiel heute aus, wegen dem Wetter. In der nassen \u00d6tke macht es keinen Spa\u00df und funktioniert auch nicht richtig. Darum habe ich mich mit einem Teil des Ortsverbandes wieder zum Wahlkampf am Schweinebrunnen eingefunden. Gut, dass wir den Pavillion haben. <\/p>\n<p style=\"text-align:center;font-size: smaller;\"><img decoding=\"async\" src=\"http:\/\/www.andreas-edler.de\/grafik\/blog_2012\/20120505_wahlkampfstand_schweinebrunnen.jpg\" width=\"470\" border=\"0\" alt=\"\" title=\"\"><\/p>\n<p> Das ist zwar nur d\u00fcnner, fuddeliger Stoff, aber den Regen hat er trotzdem abgehalten. Und gegen die pl\u00f6tzliche K\u00e4lte im Vergleich zu den Vortagen, halfen zwei Jacken. Trotzdem ist &#8222;sch\u00f6n&#8220; anders. So haben sich denn neben uns auch nur noch die CDU in der Innenstadt aufgehalten. Aber wenigstens die Stimmung war gut und wir hatten das ein oder andere nette Gespr\u00e4ch.<\/p>\n","protected":false},"excerpt":{"rendered":"<p>Pfl\u00fcgen oder Fr\u00e4sen bei meinen Eltern fiel heute aus, wegen dem Wetter. In der nassen \u00d6tke macht es keinen Spa\u00df und funktioniert auch nicht richtig. Darum habe ich mich mit einem Teil des Ortsverbandes wieder zum Wahlkampf am Schweinebrunnen eingefunden. &hellip;<\/p>\n<p class=\"read-more\"> <a class=\"more-link\" href=\"https:\/\/www.andreas-edler.de\/blog\/2012\/05\/wahlkampf-im-regen\/\"> <span class=\"screen-reader-text\">Wahlkampf im Regen<\/span> Weiterlesen &raquo;<\/a><\/p>\n","protected":false},"author":1,"featured_media":0,"comment_status":"open","ping_status":"open","sticky":false,"template":"","format":"standard","meta":{"ngg_post_thumbnail":0,"activitypub_content_warning":"","activitypub_content_visibility":"","activitypub_max_image_attachments":2,"activitypub_interaction_policy_quote":"anyone","activitypub_status":"","footnotes":""},"categories":[45],"tags":[17,75],"class_list":["post-11986","post","type-post","status-publish","format-standard","hentry","category-politik","tag-auf-der-piste","tag-grun"],"share_on_mastodon":{"url":"","error":""},"_links":{"self":[{"href":"https:\/\/www.andreas-edler.de\/blog\/wp-json\/wp\/v2\/posts\/11986","targetHints":{"allow":["GET"]}}],"collection":[{"href":"https:\/\/www.andreas-edler.de\/blog\/wp-json\/wp\/v2\/posts"}],"about":[{"href":"https:\/\/www.andreas-edler.de\/blog\/wp-json\/wp\/v2\/types\/post"}],"author":[{"embeddable":true,"href":"https:\/\/www.andreas-edler.de\/blog\/wp-json\/wp\/v2\/users\/1"}],"replies":[{"embeddable":true,"href":"https:\/\/www.andreas-edler.de\/blog\/wp-json\/wp\/v2\/comments?post=11986"}],"version-history":[{"count":0,"href":"https:\/\/www.andreas-edler.de\/blog\/wp-json\/wp\/v2\/posts\/11986\/revisions"}],"wp:attachment":[{"href":"https:\/\/www.andreas-edler.de\/blog\/wp-json\/wp\/v2\/media?parent=11986"}],"wp:term":[{"taxonomy":"category","embeddable":true,"href":"https:\/\/www.andreas-edler.de\/blog\/wp-json\/wp\/v2\/categories?post=11986"},{"taxonomy":"post_tag","embeddable":true,"href":"https:\/\/www.andreas-edler.de\/blog\/wp-json\/wp\/v2\/tags?post=11986"}],"curies":[{"name":"wp","href":"https:\/\/api.w.org\/{rel}","templated":true}]}}