{"id":11967,"date":"2012-05-01T22:57:18","date_gmt":"2012-05-01T20:57:18","guid":{"rendered":"http:\/\/www.andreas-edler.de\/blog\/?p=11967"},"modified":"2012-05-01T22:57:18","modified_gmt":"2012-05-01T20:57:18","slug":"feiertagsarbeit-2","status":"publish","type":"post","link":"https:\/\/www.andreas-edler.de\/blog\/2012\/05\/feiertagsarbeit-2\/","title":{"rendered":"Feiertagsarbeit"},"content":{"rendered":"<p>Ja, ich wei\u00df, man soll eigentlich keinen Krach machen. Aber das Dac vom Wintergarten ist nunmal offen und bevor es regnet &#8230; ich hatte also vor, heute schon ganz fr\u00fch Balken zurecht zu s\u00e4gen. Als ich aber gerade raus wollte um den Ger\u00e4teschuppen aufzuschlie\u00dfen, wechselte das Wetter schlagartig von Sonnenschein zu Bindfaden-Regen. \u00c4rgerlich. Hielt aber nur 1 1\/2 Stunden, so dass ich danach doch noch angefangen bin zu s\u00e4gen und zu schleifen. In den Nachbarg\u00e4rten war niemand und unsere direkte Nachbarin sagte noch, dass es sie nicht st\u00f6rt. Habe aber trotzdem fix gemacht. Muss ja nicht mehr als n\u00f6tig am Feiertag rum L\u00e4rmen. <\/p>\n<p style=\"text-align:center;font-size: smaller;\"><img decoding=\"async\" src=\"http:\/\/www.andreas-edler.de\/grafik\/blog_2012\/20120501_wintergarten_1.jpg\" width=\"470\" border=\"0\" alt=\"\" title=\"\"><\/p>\n<p> Der Balken ist jetzt dran und schlie\u00dft die L\u00fccke, wo vorher die Dachrinne war. Sehr sch\u00f6n. Den Dach\u00fcberstand habe ich nicht mehr angeschraubt, weil die Bretter die ich besorgt hatte, nicht mehr zu dem passten, was ich mir heute morgen \u00fcberlegt und gebaut hatte. Kaufe ich morgen. <\/p>\n<p style=\"text-align:center;font-size: smaller;\"><img decoding=\"async\" src=\"http:\/\/www.andreas-edler.de\/grafik\/blog_2012\/20120501_wintergarten_2.jpg\" width=\"470\" border=\"0\" alt=\"\" title=\"\"><\/p>\n<p> Daher habe ich das inzwischen bombastische Wetter genutzt, um die Doppelstegplatten vorzubereiten. Da m\u00fcssen auf die Enden jeweils Sperren, damit kein Dreck und keine Insekten reinkrabbeln. Eigentlich sollte das schon so geliefert werden. Ist aber nicht angebracht worden. Mach ich es halt selber. <\/p>\n<p style=\"text-align:center;font-size: smaller;\"><img decoding=\"async\" src=\"http:\/\/www.andreas-edler.de\/grafik\/blog_2012\/20120501_wintergarten_3.jpg\" width=\"470\" border=\"0\" alt=\"\" title=\"\"><\/p>\n<p>Auf die eine Seite kommt ein luftdichtes Klebeband und auf die andere ein dampfdurchl\u00e4ssiges, damit eventuell doch eingedrungene Fl\u00fcssigkeit entweichen kann. Dann noch die Aluabschlu\u00dfkanten zuges\u00e4gt und drauf gesteckt. Fertig f\u00fcr heute. Morgen geht es weiter.<\/p>\n","protected":false},"excerpt":{"rendered":"<p>Ja, ich wei\u00df, man soll eigentlich keinen Krach machen. Aber das Dac vom Wintergarten ist nunmal offen und bevor es regnet &#8230; ich hatte also vor, heute schon ganz fr\u00fch Balken zurecht zu s\u00e4gen. Als ich aber gerade raus wollte &hellip;<\/p>\n<p class=\"read-more\"> <a class=\"more-link\" href=\"https:\/\/www.andreas-edler.de\/blog\/2012\/05\/feiertagsarbeit-2\/\"> <span class=\"screen-reader-text\">Feiertagsarbeit<\/span> Weiterlesen &raquo;<\/a><\/p>\n","protected":false},"author":1,"featured_media":0,"comment_status":"open","ping_status":"open","sticky":false,"template":"","format":"standard","meta":{"ngg_post_thumbnail":0,"activitypub_content_warning":"","activitypub_content_visibility":"","activitypub_max_image_attachments":2,"activitypub_interaction_policy_quote":"anyone","activitypub_status":"","footnotes":""},"categories":[22],"tags":[38],"class_list":["post-11967","post","type-post","status-publish","format-standard","hentry","category-basteln","tag-haus"],"share_on_mastodon":{"url":"","error":""},"_links":{"self":[{"href":"https:\/\/www.andreas-edler.de\/blog\/wp-json\/wp\/v2\/posts\/11967","targetHints":{"allow":["GET"]}}],"collection":[{"href":"https:\/\/www.andreas-edler.de\/blog\/wp-json\/wp\/v2\/posts"}],"about":[{"href":"https:\/\/www.andreas-edler.de\/blog\/wp-json\/wp\/v2\/types\/post"}],"author":[{"embeddable":true,"href":"https:\/\/www.andreas-edler.de\/blog\/wp-json\/wp\/v2\/users\/1"}],"replies":[{"embeddable":true,"href":"https:\/\/www.andreas-edler.de\/blog\/wp-json\/wp\/v2\/comments?post=11967"}],"version-history":[{"count":0,"href":"https:\/\/www.andreas-edler.de\/blog\/wp-json\/wp\/v2\/posts\/11967\/revisions"}],"wp:attachment":[{"href":"https:\/\/www.andreas-edler.de\/blog\/wp-json\/wp\/v2\/media?parent=11967"}],"wp:term":[{"taxonomy":"category","embeddable":true,"href":"https:\/\/www.andreas-edler.de\/blog\/wp-json\/wp\/v2\/categories?post=11967"},{"taxonomy":"post_tag","embeddable":true,"href":"https:\/\/www.andreas-edler.de\/blog\/wp-json\/wp\/v2\/tags?post=11967"}],"curies":[{"name":"wp","href":"https:\/\/api.w.org\/{rel}","templated":true}]}}