{"id":11959,"date":"2012-04-30T07:31:02","date_gmt":"2012-04-30T05:31:02","guid":{"rendered":"http:\/\/www.andreas-edler.de\/blog\/?p=11959"},"modified":"2012-04-30T07:31:02","modified_gmt":"2012-04-30T05:31:02","slug":"die-saubere-werre","status":"publish","type":"post","link":"https:\/\/www.andreas-edler.de\/blog\/2012\/04\/die-saubere-werre\/","title":{"rendered":"Die saubere Werre"},"content":{"rendered":"<p>Ja, die Werre sieht gut aus. Ich mag sowohl den Stausee als stehendes Gew\u00e4sser ansehen, als auch den richtigen Fluss. Tatsache ist aber, dass wenn man etwas staut, sich auch Dreck und Gammel ansammelt. Guckt man an den Uferr\u00e4ndern des Werrestausees hinunter, dann bemerkt man den Schlick und Schlamm und riecht auch den leichten Modergeruch. Wie das an Filtergittern von oben aussieht, habe ich gestern mal wieder bemerkt. <\/p>\n<p style=\"text-align:center;font-size: smaller;\"><img decoding=\"async\" src=\"http:\/\/www.andreas-edler.de\/grafik\/blog_2012\/20120430_werre_01.jpg\" width=\"470\" border=\"0\" alt=\"\" title=\"\"><\/p>\n<p> Klar kann man da t\u00e4glich sauber machen. Aber wie das mit der Pflege von bestehenden Anlagen in Oeynhausen ist, dazu hat wohl jeder seine Meinung. <\/p>\n<p style=\"text-align:center;font-size: smaller;\"><img decoding=\"async\" src=\"http:\/\/www.andreas-edler.de\/grafik\/blog_2012\/20120430_werre_02.jpg\" width=\"470\" border=\"0\" alt=\"\" title=\"\"><\/p>\n<p> Das ist jetzt auch kein werrespezifisches Problem, so sieht es an jedem Staugitter bei kleinen Wehren aus. Ist nicht so, dass ich das bei den Touren auf Flu\u00dfradwanderwegen noch nirgendwo anders gesehen h\u00e4tte. Nur mal so als Gegenpol zu den friedlichen Enten und idyllischen Eindr\u00fccken &#8230; die man zweifelsohne gestern auch h\u00e4tte fotografieren k\u00f6nnen. Aber eben nicht nur.<\/p>\n","protected":false},"excerpt":{"rendered":"<p>Ja, die Werre sieht gut aus. Ich mag sowohl den Stausee als stehendes Gew\u00e4sser ansehen, als auch den richtigen Fluss. Tatsache ist aber, dass wenn man etwas staut, sich auch Dreck und Gammel ansammelt. Guckt man an den Uferr\u00e4ndern des &hellip;<\/p>\n<p class=\"read-more\"> <a class=\"more-link\" href=\"https:\/\/www.andreas-edler.de\/blog\/2012\/04\/die-saubere-werre\/\"> <span class=\"screen-reader-text\">Die saubere Werre<\/span> Weiterlesen &raquo;<\/a><\/p>\n","protected":false},"author":1,"featured_media":0,"comment_status":"open","ping_status":"open","sticky":false,"template":"","format":"standard","meta":{"ngg_post_thumbnail":0,"activitypub_content_warning":"","activitypub_content_visibility":"","activitypub_max_image_attachments":2,"activitypub_interaction_policy_quote":"anyone","activitypub_status":"","footnotes":""},"categories":[14,45],"tags":[75,70],"class_list":["post-11959","post","type-post","status-publish","format-standard","hentry","category-bad-oeynhausen","category-politik","tag-grun","tag-umwelt"],"share_on_mastodon":{"url":"","error":""},"_links":{"self":[{"href":"https:\/\/www.andreas-edler.de\/blog\/wp-json\/wp\/v2\/posts\/11959","targetHints":{"allow":["GET"]}}],"collection":[{"href":"https:\/\/www.andreas-edler.de\/blog\/wp-json\/wp\/v2\/posts"}],"about":[{"href":"https:\/\/www.andreas-edler.de\/blog\/wp-json\/wp\/v2\/types\/post"}],"author":[{"embeddable":true,"href":"https:\/\/www.andreas-edler.de\/blog\/wp-json\/wp\/v2\/users\/1"}],"replies":[{"embeddable":true,"href":"https:\/\/www.andreas-edler.de\/blog\/wp-json\/wp\/v2\/comments?post=11959"}],"version-history":[{"count":0,"href":"https:\/\/www.andreas-edler.de\/blog\/wp-json\/wp\/v2\/posts\/11959\/revisions"}],"wp:attachment":[{"href":"https:\/\/www.andreas-edler.de\/blog\/wp-json\/wp\/v2\/media?parent=11959"}],"wp:term":[{"taxonomy":"category","embeddable":true,"href":"https:\/\/www.andreas-edler.de\/blog\/wp-json\/wp\/v2\/categories?post=11959"},{"taxonomy":"post_tag","embeddable":true,"href":"https:\/\/www.andreas-edler.de\/blog\/wp-json\/wp\/v2\/tags?post=11959"}],"curies":[{"name":"wp","href":"https:\/\/api.w.org\/{rel}","templated":true}]}}