{"id":119580,"date":"2014-07-13T11:19:05","date_gmt":"2014-07-13T09:19:05","guid":{"rendered":"http:\/\/www.andreas-edler.de\/blog\/?p=119580"},"modified":"2014-07-13T11:19:05","modified_gmt":"2014-07-13T09:19:05","slug":"sockelputz","status":"publish","type":"post","link":"https:\/\/www.andreas-edler.de\/blog\/2014\/07\/sockelputz\/","title":{"rendered":"Sockelputz"},"content":{"rendered":"<p>Bisher habe ich dabei haupts\u00e4chlich an Staub auf dem Mainboard eines Rechners gedacht, aber gestern vormittag habe ich eben eine T\u00fcte von selbigem bei Toom gekauft. Weil wir die Terrasse bzw. den Weg dorthin umgestalten m\u00f6chten, muss ich erst den Sockel vom Wintergarten verarzten. Da l\u00f6st sich seit <s>einiger Zeit<\/s> <s>Monaten<\/s> Jahren immer mehr der Putz ab. Nur ist Arbeit mit Stein oder Zement nicht unbedingt meine Lieblingsarbeit. Sowas kann ich gut vor mir her schieben :-\/ Irgendwann ist aber Schluss und das war gestern. Habe also mit dem Maurerhammer den losen Putz entfernt und mir den Schaden angesehen. Gar nicht soooo schlimm wie bef\u00fcrchtet. Auch die Treppe in den Wintergarten ist doch aus Beton und nicht aus \u00fcbereinandergestapelten Steinen. Kann ich also so lassen. <\/p>\n<p style=\"text-align:center;font-size: smaller;\"><img decoding=\"async\" src=\"http:\/\/www.andreas-edler.de\/grafik\/blog_2014\/20140712_wintergartentreppe_abgeklopft.jpg\" width=\"470\" border=\"0\" alt=\"\" title=\"\"><\/p>\n<p><!--more--> Nachdem alles ab war, bin ich los und habe Sockelputz, Sockelfarbe und Fixbeton gekauft. Bisschen mulmig war mir, weil ich zwar schon dutzende Male beim Verputzen zugeschaut, aber noch nie selbst Hand angelegt habe. Irgendwann ist immer das erste Mal. Die kleinen Stellen gingen ganz fluffig, nur die gro\u00dfe Frontfl\u00e4che kann man sicher deutlich eleganter hinkriegen. Nur ich leider nicht. Nach ein bisschen st\u00fcckeln hier und ein wenig flicken dort, war ich aber halbwegs zufrieden. Noch etwas glatt reiben und wenn dann Sockelfarbe drauf ist, sieht&#8217;s jedenfalls besser aus, als mit den abgebrochenen und losen Putzst\u00fccken. <\/p>\n<p style=\"text-align:center;font-size: smaller;\"><img decoding=\"async\" src=\"http:\/\/www.andreas-edler.de\/grafik\/blog_2014\/20140712_wintergartentreppe.jpg\" width=\"470\" border=\"0\" alt=\"\" title=\"\"><\/p>\n<p> Die Ecken der Treppe mit dem Fixbeton flicken ist dagegen kein gro\u00dfer Sport. Schnell eine Verschalung gedengelt, anr\u00fchren und rein mit der Br\u00fche. Da werden nachher die Holzplanken drauf verschraubt. Sieht man nix mehr von :-)<\/p>\n","protected":false},"excerpt":{"rendered":"<p>Bisher habe ich dabei haupts\u00e4chlich an Staub auf dem Mainboard eines Rechners gedacht, aber gestern vormittag habe ich eben eine T\u00fcte von selbigem bei Toom gekauft. Weil wir die Terrasse bzw. den Weg dorthin umgestalten m\u00f6chten, muss ich erst den &hellip;<\/p>\n<p class=\"read-more\"> <a class=\"more-link\" href=\"https:\/\/www.andreas-edler.de\/blog\/2014\/07\/sockelputz\/\"> <span class=\"screen-reader-text\">Sockelputz<\/span> Weiterlesen &raquo;<\/a><\/p>\n","protected":false},"author":1,"featured_media":0,"comment_status":"open","ping_status":"open","sticky":false,"template":"","format":"standard","meta":{"ngg_post_thumbnail":0,"activitypub_content_warning":"","activitypub_content_visibility":"","activitypub_max_image_attachments":2,"activitypub_interaction_policy_quote":"anyone","activitypub_status":"","footnotes":""},"categories":[22],"tags":[38,26],"class_list":["post-119580","post","type-post","status-publish","format-standard","hentry","category-basteln","tag-haus","tag-holzterrasse"],"share_on_mastodon":{"url":"","error":""},"_links":{"self":[{"href":"https:\/\/www.andreas-edler.de\/blog\/wp-json\/wp\/v2\/posts\/119580","targetHints":{"allow":["GET"]}}],"collection":[{"href":"https:\/\/www.andreas-edler.de\/blog\/wp-json\/wp\/v2\/posts"}],"about":[{"href":"https:\/\/www.andreas-edler.de\/blog\/wp-json\/wp\/v2\/types\/post"}],"author":[{"embeddable":true,"href":"https:\/\/www.andreas-edler.de\/blog\/wp-json\/wp\/v2\/users\/1"}],"replies":[{"embeddable":true,"href":"https:\/\/www.andreas-edler.de\/blog\/wp-json\/wp\/v2\/comments?post=119580"}],"version-history":[{"count":0,"href":"https:\/\/www.andreas-edler.de\/blog\/wp-json\/wp\/v2\/posts\/119580\/revisions"}],"wp:attachment":[{"href":"https:\/\/www.andreas-edler.de\/blog\/wp-json\/wp\/v2\/media?parent=119580"}],"wp:term":[{"taxonomy":"category","embeddable":true,"href":"https:\/\/www.andreas-edler.de\/blog\/wp-json\/wp\/v2\/categories?post=119580"},{"taxonomy":"post_tag","embeddable":true,"href":"https:\/\/www.andreas-edler.de\/blog\/wp-json\/wp\/v2\/tags?post=119580"}],"curies":[{"name":"wp","href":"https:\/\/api.w.org\/{rel}","templated":true}]}}