{"id":11917,"date":"2012-04-27T18:04:40","date_gmt":"2012-04-27T16:04:40","guid":{"rendered":"http:\/\/www.andreas-edler.de\/blog\/?p=11917"},"modified":"2012-04-27T18:04:40","modified_gmt":"2012-04-27T16:04:40","slug":"ein-platz-zum-ausruhen","status":"publish","type":"post","link":"https:\/\/www.andreas-edler.de\/blog\/2012\/04\/ein-platz-zum-ausruhen\/","title":{"rendered":"Ein Platz zum Ausruhen"},"content":{"rendered":"<p>Jeden Abend ein bisschen basteln. Vorgestern oder so, habe ich die Kieselsteine in die Umrandung aus Kantsteinen gef\u00fcllt. Vorher war schon abzusehen, dass die Steine allein nicht reichen w\u00fcrden und darum war ich ganz gl\u00fccklich, dass ich den vorher &#8222;ausgeschachteten&#8220; M\u00fcll dort unterbringen konnte. Und darauf dann die Steine. Gef\u00e4llt mir gut. <\/p>\n<p style=\"text-align:center;font-size: smaller;\"><img decoding=\"async\" src=\"http:\/\/www.andreas-edler.de\/grafik\/blog_2012\/20120427_gartenbank.jpg\" width=\"470\" border=\"0\" alt=\"\" title=\"\"><\/p>\n<p> Die Bank steht wo sie hin soll. Nur darunter muss ich noch etwas aufr\u00e4umen. Und dann kann man sich dort nach getaner Arbeit hinsetzen und auf die Ponderosa gucken :-)<\/p>\n","protected":false},"excerpt":{"rendered":"<p>Jeden Abend ein bisschen basteln. Vorgestern oder so, habe ich die Kieselsteine in die Umrandung aus Kantsteinen gef\u00fcllt. Vorher war schon abzusehen, dass die Steine allein nicht reichen w\u00fcrden und darum war ich ganz gl\u00fccklich, dass ich den vorher &#8222;ausgeschachteten&#8220; &hellip;<\/p>\n<p class=\"read-more\"> <a class=\"more-link\" href=\"https:\/\/www.andreas-edler.de\/blog\/2012\/04\/ein-platz-zum-ausruhen\/\"> <span class=\"screen-reader-text\">Ein Platz zum Ausruhen<\/span> Weiterlesen &raquo;<\/a><\/p>\n","protected":false},"author":1,"featured_media":0,"comment_status":"open","ping_status":"open","sticky":false,"template":"","format":"standard","meta":{"ngg_post_thumbnail":0,"activitypub_content_warning":"","activitypub_content_visibility":"","activitypub_max_image_attachments":2,"activitypub_interaction_policy_quote":"anyone","activitypub_status":"","footnotes":""},"categories":[22],"tags":[31,38],"class_list":["post-11917","post","type-post","status-publish","format-standard","hentry","category-basteln","tag-garten","tag-haus"],"share_on_mastodon":{"url":"","error":""},"_links":{"self":[{"href":"https:\/\/www.andreas-edler.de\/blog\/wp-json\/wp\/v2\/posts\/11917","targetHints":{"allow":["GET"]}}],"collection":[{"href":"https:\/\/www.andreas-edler.de\/blog\/wp-json\/wp\/v2\/posts"}],"about":[{"href":"https:\/\/www.andreas-edler.de\/blog\/wp-json\/wp\/v2\/types\/post"}],"author":[{"embeddable":true,"href":"https:\/\/www.andreas-edler.de\/blog\/wp-json\/wp\/v2\/users\/1"}],"replies":[{"embeddable":true,"href":"https:\/\/www.andreas-edler.de\/blog\/wp-json\/wp\/v2\/comments?post=11917"}],"version-history":[{"count":0,"href":"https:\/\/www.andreas-edler.de\/blog\/wp-json\/wp\/v2\/posts\/11917\/revisions"}],"wp:attachment":[{"href":"https:\/\/www.andreas-edler.de\/blog\/wp-json\/wp\/v2\/media?parent=11917"}],"wp:term":[{"taxonomy":"category","embeddable":true,"href":"https:\/\/www.andreas-edler.de\/blog\/wp-json\/wp\/v2\/categories?post=11917"},{"taxonomy":"post_tag","embeddable":true,"href":"https:\/\/www.andreas-edler.de\/blog\/wp-json\/wp\/v2\/tags?post=11917"}],"curies":[{"name":"wp","href":"https:\/\/api.w.org\/{rel}","templated":true}]}}