{"id":11903,"date":"2012-04-24T22:17:11","date_gmt":"2012-04-24T20:17:11","guid":{"rendered":"http:\/\/www.andreas-edler.de\/blog\/?p=11903"},"modified":"2020-07-26T12:15:07","modified_gmt":"2020-07-26T10:15:07","slug":"benutzungspflicht-um-radfahrer-zum-anhalten-zu-zwingen","status":"publish","type":"post","link":"https:\/\/www.andreas-edler.de\/blog\/2012\/04\/benutzungspflicht-um-radfahrer-zum-anhalten-zu-zwingen\/","title":{"rendered":"Benutzungspflicht um Radfahrer zum Anhalten zu zwingen"},"content":{"rendered":"<p>Ich hatte in den letzten Tagen einen Termin mit der Lokalpresse, in der es um die nicht zul\u00e4ssige Benutzungspflicht f\u00fcr Radfahrer auf dem neuen Gehweg an der Weserstrasse geht. Es wurde bereits vor dem Erscheinen des entsprechenden Berichtes von der Verwaltung signalisiert, dass die Schilder abmontiert werden. Der entsprechende Pressebericht entfiel daher leider.<\/p>\n<p>Heute kann sich unsere Verwaltung dann in einem <a href=\"http:\/\/www.nw-news.de\/lokale_news\/bad_oeynhausen\/bad_oeynhausen\/6633787_Radler_auf_der_Strasse_leben_gefaehrlich.html\">Interview zum Radverkehr<\/a>, zu Benutzungspflichten und wo man am sichersten unterwges ist in der Neuen-Westf\u00e4lischen \u00e4u\u00dfern. Und als ich das heute morgen gelesen habe, bekam ich Herzklopfen und Schwei\u00dfausbr\u00fcche. Im B\u00fcro wurde ich bereits von anderen Radfahrern angerufen und gefragt, was man von solchen \u00c4u\u00dferungen denn halten solle. Ich wei\u00df es wirklich nicht. <\/p>\n<p style=\"text-align:center;font-size: smaller;\"><img decoding=\"async\" src=\"http:\/\/www.andreas-edler.de\/grafik\/blog_2012\/20120424_breitenbachstrasse.jpg\" width=\"470\" border=\"0\" alt=\"\" title=\"\"><\/p>\n<p><!--more--> Ich habe mir schon gedacht, dass man in Bad Oeynhausen nicht gro\u00dfartig etwas f\u00fcr Radfahrer \u00fcbrig hat und auch nicht verstanden hat, was &#8222;Fahrradfreundlichkeit&#8220; ist, dass es aber so schlimm ist, war mir nicht bewusst. Ich bin entsetzt! Da klaffen gewaltige L\u00fccken, da herrscht eine Einstellung zum Verkehr, der tief in den 70er und 80er Jahren verwurzelt ist. Es ist schrecklich.<\/p>\n<p>Zu der oben erw\u00e4hnten Benutzungspflicht am Weserradweg wird z.B. erz\u00e4hlt, das Provisorium sei schon benutzungspflichtig gewesen. W\u00e4re das der Fall gewesen, h\u00e4tte ich mich schon viel fr\u00fcher gemeldet. Da stand ganz sicher kein Schild, wie man auf dem <a href=\"http:\/\/www.andreas-edler.de\/blog\/2011\/02\/radweg-an-der-weserstrasse\/\">Bild in meinem Beitrag vom 27.02.2011<\/a> sehr sch\u00f6n sieht. Die Benutzungspflicht ist neu angeordnet wurden und es wurde dabei nicht die ERA und die StVo beachtet, darum ist das Schild jetzt auch weg.<\/p>\n<p>Auf die Frage nach der Benutzungspflicht des Radweges an der Steinstra\u00dfe &#8211; die Steinstra\u00dfe ist \u00fcbrigens die Vorfahrtstra\u00dfe und hat im angesprochenen Bereich sogar eine markierte Furt &#8211; wird tats\u00e4chlich geantwortet: <cite>Au\u00dferdem ist es an der Einm\u00fcndung Breitenbachstra\u00dfe zu zahlreichen Unf\u00e4llen gekommen. Durch die Benutzungspflicht zwingen wir Radfahrer an der Einm\u00fcndung zu halten und den Autoverkehr durch zu lassen. Damit verringern wir die Unfallgefahr f\u00fcr Radfahrer sowie die Unfallbeteiligung von Radfahrern an der ohnehin gef\u00e4hrlichen Einm\u00fcndung<\/cite> Nochmal: die zum Anhalten gezwungenen Radfahrer fahren auf der <b>vorfahrtberechtigten<\/b> Steinstra\u00dfe. Ihnen wird dort also mit Billigung und voller Absicht der Verwaltung dort die Vorfahrt genommen. Das zeugt von einer solchen Ignoranz und\/oder Ahnungslosigkeit, dass ich allein beim Lesen schon Herzrasen bekomme. Ich hoffe, dass ist einfach ein falsches Zitat.<\/p>\n<p>Die Leiterin des Fachbereiches sagt auf die Nachfrage <i>Weil sie Autofahrern freie Fahrt gew\u00e4hren und Radfahrer zur R\u00fccksichtnahme zwingen &#8230;<\/i> <cite> Die sind ja auch die Schw\u00e4cheren, bei einem Unfall w\u00fcrden die die schwereren Verletzungen erleiden.<\/cite> Das ist so starker Tobak, dass ich dazu keine Worte finde. Ob man dann vielleicht mal die Verursacher angeht und daf\u00fcr sorgt, dass diese sich an die Regeln halten und einfach mal nicht die Vorfahrt nehmen?<\/p>\n<p>Aber es geht noch besser! Direkt dazu wird gesagt: <cite>Nat\u00fcrlich kann man eine solche Regelung losgel\u00f6st von der Gef\u00e4hrdungsbeurteilung grunds\u00e4tzlich in Frage stellen. Aber dann muss man auch neue Priorit\u00e4ten diskutieren Will man freie Fahrt f\u00fcr Radler um jeden Preis und daf\u00fcr lange Verkehrsstaus von Autos in Kauf nehmen? Die pusten ja auch eine Menge Schadstoffe in die Luft und belasten dadurch die Umwelt nicht unerheblich.<\/cite> Bitte, bitte, korrigiert mich in den Kommentaren, wenn ich dort f\u00e4lschlicherweise lese, dass man in Bad Oeynhausen Radfahrer auf benuzungspflichtige Radwege zwingt, damit der Autoverkehr fl\u00fcssiger voran kommt und das dann mit Umweltfreundlichkeit begr\u00fcndet. Bitte lasst auch in <a href=\"http:\/\/www.gesetze-im-internet.de\/stvo\/__45.html\">Abs. 9 von \u00a745 der Stra\u00dfenverkehrsordnung<\/a> nicht drin stehen, dass man genau das eben nicht darf!<\/p>\n<p>Die Pfosten im Weserradweg werden auch erw\u00e4hnt. Dass die Pfosten mehr Fahrradunf\u00e4lle (mehr als was?) verursacht haben sollen, sei nicht bekannt. Der ADFC hat die Verwaltung wegen so eines Unfalles angeschrieben, ich habe diesen Unfall im Ausschuss f\u00fcr Stadtentwicklung angesprochen und auf die Gef\u00e4hrlichkeit der Pfosten hingewiesen und darauf im Nachgang auch eine Antwort bekommen. Z\u00e4hlt das zu &#8222;nicht bekannt&#8220;? Oder ist das unter &#8222;mehr&#8220; subsummiert? Auf jeden Fall kommen sie nicht weg. Die Verwaltung lernt einfach nicht, stellt sich stur und beharrt auf ihren Fehlentscheidungen. Man kann diese Pfosten problemlos aufstellen ohne dass sie mitten auf einem der meistbefahrenen und sch\u00f6nsten Radwanderwege Deutschlands stehen und trotzdem Autos am Befahren des Weges hindern. Und sind hindern im \u00dcbrigen nicht daran den Radweg zu befahren, sondern sollen verhindern, dass LKWs auf dem Parkplatz am Sportplatz parken. Nennen wir das Kind doch mal beim Namen!<\/p>\n<p>Und nat\u00fcrlich geben alle 3 Mitarbeiter an, mit dem Rad viel lieber auf den gesch\u00fctzen Radwegen zu fahren. Ich erw\u00e4hnte es: ich bin entsetzt. Es schadet \u00fcberhaupt nicht, wenn man sich mit dem aktuellen Stand der Dinge vertraut macht. Es war letztlich eine Veranstaltung an der Burg Vlotho &#8230; leider war niemand aus der Bad Oeynhausener Verwaltung vor Ort. Ich sah jedenfalls niemanden.<\/p>\n<p>So wird Bad Oeynhausen niemals fahrradfreundlich. Schade, nein, \u00e4rgerlich.<\/p>\n","protected":false},"excerpt":{"rendered":"<p>Ich hatte in den letzten Tagen einen Termin mit der Lokalpresse, in der es um die nicht zul\u00e4ssige Benutzungspflicht f\u00fcr Radfahrer auf dem neuen Gehweg an der Weserstrasse geht. Es wurde bereits vor dem Erscheinen des entsprechenden Berichtes von der &hellip;<\/p>\n<p class=\"read-more\"> <a class=\"more-link\" href=\"https:\/\/www.andreas-edler.de\/blog\/2012\/04\/benutzungspflicht-um-radfahrer-zum-anhalten-zu-zwingen\/\"> <span class=\"screen-reader-text\">Benutzungspflicht um Radfahrer zum Anhalten zu zwingen<\/span> Weiterlesen &raquo;<\/a><\/p>\n","protected":false},"author":1,"featured_media":0,"comment_status":"open","ping_status":"open","sticky":false,"template":"","format":"standard","meta":{"ngg_post_thumbnail":0,"activitypub_content_warning":"","activitypub_content_visibility":"","activitypub_max_image_attachments":2,"activitypub_interaction_policy_quote":"anyone","activitypub_status":"","footnotes":""},"categories":[14,15,18,45,13],"tags":[37,401,110,251,66,429,59,71,260,72],"class_list":["post-11903","post","type-post","status-publish","format-standard","hentry","category-bad-oeynhausen","category-fahrrad","category-fraglich","category-politik","category-verkehr","tag-auto","tag-breitenbachstrasse","tag-fahrradfreundliche-stadt","tag-infrastruktur","tag-mecker","tag-ordnungsamt","tag-presse","tag-regeln","tag-stvo","tag-verwaltung"],"share_on_mastodon":{"url":"","error":""},"_links":{"self":[{"href":"https:\/\/www.andreas-edler.de\/blog\/wp-json\/wp\/v2\/posts\/11903","targetHints":{"allow":["GET"]}}],"collection":[{"href":"https:\/\/www.andreas-edler.de\/blog\/wp-json\/wp\/v2\/posts"}],"about":[{"href":"https:\/\/www.andreas-edler.de\/blog\/wp-json\/wp\/v2\/types\/post"}],"author":[{"embeddable":true,"href":"https:\/\/www.andreas-edler.de\/blog\/wp-json\/wp\/v2\/users\/1"}],"replies":[{"embeddable":true,"href":"https:\/\/www.andreas-edler.de\/blog\/wp-json\/wp\/v2\/comments?post=11903"}],"version-history":[{"count":0,"href":"https:\/\/www.andreas-edler.de\/blog\/wp-json\/wp\/v2\/posts\/11903\/revisions"}],"wp:attachment":[{"href":"https:\/\/www.andreas-edler.de\/blog\/wp-json\/wp\/v2\/media?parent=11903"}],"wp:term":[{"taxonomy":"category","embeddable":true,"href":"https:\/\/www.andreas-edler.de\/blog\/wp-json\/wp\/v2\/categories?post=11903"},{"taxonomy":"post_tag","embeddable":true,"href":"https:\/\/www.andreas-edler.de\/blog\/wp-json\/wp\/v2\/tags?post=11903"}],"curies":[{"name":"wp","href":"https:\/\/api.w.org\/{rel}","templated":true}]}}