{"id":11858,"date":"2012-04-17T17:36:41","date_gmt":"2012-04-17T15:36:41","guid":{"rendered":"http:\/\/www.andreas-edler.de\/blog\/?p=11858"},"modified":"2013-11-02T14:41:39","modified_gmt":"2013-11-02T13:41:39","slug":"einfach-mal-bescheid-sagen","status":"publish","type":"post","link":"https:\/\/www.andreas-edler.de\/blog\/2012\/04\/einfach-mal-bescheid-sagen\/","title":{"rendered":"Einfach mal Bescheid sagen"},"content":{"rendered":"<p>Tim ist mit einem Freund verabredet. Der wollte zu einer bestimmten Uhrzeit bei uns sein. War er aber nicht. Logisch, dass man da zu Hause anruft und fragt, ob was dazwischen gekommen ist. War es aber nicht. Der Freund war auch nicht zu Hause. P auf der Stirn! Nat\u00fcrlich erstmal los und den Schulweg abgeklappert, alle m\u00f6glichen Schulwege. Wieder bei uns geguckt &#8211; Tim hat das Haus geh\u00fctet &#8211; nichts. Die Eltern suchten auch. Noch mal zum Schulhof, noch mal die Nebenstra\u00dfen abgeklappert. Inzwischen war ich auch zu Hause und bin auch gleich mit dem Rad noch mal durch den Ort. Dann zum Freund nach Hause und &#8230; der war inzwischen dort eingetrudelt. Schon vor einiger Zeit.<\/p>\n<p>Da muss man nat\u00fcrlich nicht bei uns Bescheid sagen. Nein, wir suchen aus Spa\u00df halb Eidinghausen ab. Wir machen uns gerne Sorgen und lachen uns ein Loch in den Bauch, wenn sich dann alles so aufkl\u00e4rt. Es w\u00e4re ja keiner da gewesen &#8230; ja Himmel, der Anrufbeantworter ist aber voll funktionsf\u00e4hig!<\/p>\n","protected":false},"excerpt":{"rendered":"<p>Tim ist mit einem Freund verabredet. Der wollte zu einer bestimmten Uhrzeit bei uns sein. War er aber nicht. Logisch, dass man da zu Hause anruft und fragt, ob was dazwischen gekommen ist. War es aber nicht. Der Freund war &hellip;<\/p>\n<p class=\"read-more\"> <a class=\"more-link\" href=\"https:\/\/www.andreas-edler.de\/blog\/2012\/04\/einfach-mal-bescheid-sagen\/\"> <span class=\"screen-reader-text\">Einfach mal Bescheid sagen<\/span> Weiterlesen &raquo;<\/a><\/p>\n","protected":false},"author":1,"featured_media":0,"comment_status":"open","ping_status":"open","sticky":false,"template":"","format":"standard","meta":{"ngg_post_thumbnail":0,"activitypub_content_warning":"","activitypub_content_visibility":"","activitypub_max_image_attachments":2,"activitypub_interaction_policy_quote":"anyone","activitypub_status":"","footnotes":""},"categories":[1],"tags":[50,34,66],"class_list":["post-11858","post","type-post","status-publish","format-standard","hentry","category-allgemein","tag-helfen","tag-kommunikation","tag-mecker"],"share_on_mastodon":{"url":"","error":""},"_links":{"self":[{"href":"https:\/\/www.andreas-edler.de\/blog\/wp-json\/wp\/v2\/posts\/11858","targetHints":{"allow":["GET"]}}],"collection":[{"href":"https:\/\/www.andreas-edler.de\/blog\/wp-json\/wp\/v2\/posts"}],"about":[{"href":"https:\/\/www.andreas-edler.de\/blog\/wp-json\/wp\/v2\/types\/post"}],"author":[{"embeddable":true,"href":"https:\/\/www.andreas-edler.de\/blog\/wp-json\/wp\/v2\/users\/1"}],"replies":[{"embeddable":true,"href":"https:\/\/www.andreas-edler.de\/blog\/wp-json\/wp\/v2\/comments?post=11858"}],"version-history":[{"count":0,"href":"https:\/\/www.andreas-edler.de\/blog\/wp-json\/wp\/v2\/posts\/11858\/revisions"}],"wp:attachment":[{"href":"https:\/\/www.andreas-edler.de\/blog\/wp-json\/wp\/v2\/media?parent=11858"}],"wp:term":[{"taxonomy":"category","embeddable":true,"href":"https:\/\/www.andreas-edler.de\/blog\/wp-json\/wp\/v2\/categories?post=11858"},{"taxonomy":"post_tag","embeddable":true,"href":"https:\/\/www.andreas-edler.de\/blog\/wp-json\/wp\/v2\/tags?post=11858"}],"curies":[{"name":"wp","href":"https:\/\/api.w.org\/{rel}","templated":true}]}}