{"id":11848,"date":"2012-04-15T11:27:34","date_gmt":"2012-04-15T09:27:34","guid":{"rendered":"http:\/\/www.andreas-edler.de\/blog\/?p=11848"},"modified":"2013-11-02T14:41:39","modified_gmt":"2013-11-02T13:41:39","slug":"der-kaemmerer-blogt","status":"publish","type":"post","link":"https:\/\/www.andreas-edler.de\/blog\/2012\/04\/der-kaemmerer-blogt\/","title":{"rendered":"Der K\u00e4mmerer blogt"},"content":{"rendered":"<div class=\"bild\" style=\"font-size: smaller;\"><img decoding=\"async\" src=\"http:\/\/www.andreas-edler.de\/grafik\/blog_2012\/20120415_der_kaemmerer.png\" width=\"250\" border=\"0\" alt=\"\" title=\"\"><\/div>\n<p> Das finde ich doch mal wirklich super! Der <a href=\"http:\/\/www.laatzen.de\/Buergerservice.192.0.html?&#038;no_cache=1&#038;tx_civserv_pi1[community_id]=32410090&#038;tx_civserv_pi1[mode]=organisation&#038;tx_civserv_pi1[id]=23&#038;cHash=cbfa0cc446\">K\u00e4mmerer der Stadt Laatzen<\/a> betreibt ein <a href=\"https:\/\/derkaemmerer.wordpress.com\/\">Blog<\/a> und kommentiert dort die Dinge, die in der Verwaltung un drumherum so laufen. Hervorragend! Unter <a href=\"https:\/\/derkaemmerer.wordpress.com\/\">https:\/\/derkaemmerer.wordpress.com\/<\/a> kann man als interessierter B\u00fcrger nun Hintergr\u00fcnde und Sachst\u00e4nde zu Dingen, welche ihn und die Stadt betreffen, erfahren. Und das alles in einem lockeren und verst\u00e4ndlichen Schreibstil, weit entfernt von dem, was man sonst so \u00fcblicherweise von einer Verwaltung erwartet &#8211; und meist auch bekommt.<\/p>\n<p>Ich halte das f\u00fcr eine absolut vorbildliches Modell und kann nur viel Erfolg und langen Atem w\u00fcnschen. Und nat\u00fcrlich viele Nachahmer!<\/p>\n<p><a href=\"http:\/\/soheit.lippeblogs.de\/articles\/kaemmerer-bloggt-uebers-sparen\">Danke an Volker f\u00fcr den Link.<\/a><\/p>\n","protected":false},"excerpt":{"rendered":"<p>Das finde ich doch mal wirklich super! Der K\u00e4mmerer der Stadt Laatzen betreibt ein Blog und kommentiert dort die Dinge, die in der Verwaltung un drumherum so laufen. Hervorragend! Unter https:\/\/derkaemmerer.wordpress.com\/ kann man als interessierter B\u00fcrger nun Hintergr\u00fcnde und Sachst\u00e4nde &hellip;<\/p>\n<p class=\"read-more\"> <a class=\"more-link\" href=\"https:\/\/www.andreas-edler.de\/blog\/2012\/04\/der-kaemmerer-blogt\/\"> <span class=\"screen-reader-text\">Der K\u00e4mmerer blogt<\/span> Weiterlesen &raquo;<\/a><\/p>\n","protected":false},"author":1,"featured_media":0,"comment_status":"open","ping_status":"open","sticky":false,"template":"","format":"standard","meta":{"ngg_post_thumbnail":0,"activitypub_content_warning":"","activitypub_content_visibility":"","activitypub_max_image_attachments":2,"activitypub_interaction_policy_quote":"anyone","activitypub_status":"","footnotes":""},"categories":[1],"tags":[40,34,72],"class_list":["post-11848","post","type-post","status-publish","format-standard","hentry","category-allgemein","tag-blogger","tag-kommunikation","tag-verwaltung"],"share_on_mastodon":{"url":"","error":""},"_links":{"self":[{"href":"https:\/\/www.andreas-edler.de\/blog\/wp-json\/wp\/v2\/posts\/11848","targetHints":{"allow":["GET"]}}],"collection":[{"href":"https:\/\/www.andreas-edler.de\/blog\/wp-json\/wp\/v2\/posts"}],"about":[{"href":"https:\/\/www.andreas-edler.de\/blog\/wp-json\/wp\/v2\/types\/post"}],"author":[{"embeddable":true,"href":"https:\/\/www.andreas-edler.de\/blog\/wp-json\/wp\/v2\/users\/1"}],"replies":[{"embeddable":true,"href":"https:\/\/www.andreas-edler.de\/blog\/wp-json\/wp\/v2\/comments?post=11848"}],"version-history":[{"count":0,"href":"https:\/\/www.andreas-edler.de\/blog\/wp-json\/wp\/v2\/posts\/11848\/revisions"}],"wp:attachment":[{"href":"https:\/\/www.andreas-edler.de\/blog\/wp-json\/wp\/v2\/media?parent=11848"}],"wp:term":[{"taxonomy":"category","embeddable":true,"href":"https:\/\/www.andreas-edler.de\/blog\/wp-json\/wp\/v2\/categories?post=11848"},{"taxonomy":"post_tag","embeddable":true,"href":"https:\/\/www.andreas-edler.de\/blog\/wp-json\/wp\/v2\/tags?post=11848"}],"curies":[{"name":"wp","href":"https:\/\/api.w.org\/{rel}","templated":true}]}}