{"id":11842,"date":"2012-04-15T10:35:55","date_gmt":"2012-04-15T08:35:55","guid":{"rendered":"http:\/\/www.andreas-edler.de\/blog\/?p=11842"},"modified":"2012-04-15T10:35:55","modified_gmt":"2012-04-15T08:35:55","slug":"morgenrunde","status":"publish","type":"post","link":"https:\/\/www.andreas-edler.de\/blog\/2012\/04\/morgenrunde\/","title":{"rendered":"Morgenrunde"},"content":{"rendered":"<p>Ich war schon um halb 8 wach heute morgen, weil der Raab gestern verletzungsbedingt eine ziemlich kurze &#8222;Schlag den Raab&#8220;-Ausgabe abgeliefert hat und ich danach sofort eingepennt bin. Was mich denn dann mit dem Tag? Ist zwar k\u00fchl drau\u00dfen, aber trocken und sonnig. Bin also eine gem\u00fctliche Runde durch den Oeynhausener Norden gefahren. Und bis auf einen Porsche-Fahrer, der mich ganz zum Schlu\u00df in einer 30-Zone mit ca. 20 Zentimeter Abstand und r\u00f6hrendem Motor \u00fcberholen musste, w\u00e4hrend ich laut GPS ganz knapp unter 30 Km\/h fuhr, war auch alles in Ordnung. Schade, dass solche Klischees immer bedient werden &#8230;<\/p>\n<p>17,1 Km | 18,9 Km\/h Schnitt | 48,2 Km\/h max. | 135 H\u00f6henmeter<\/p>\n","protected":false},"excerpt":{"rendered":"<p>Ich war schon um halb 8 wach heute morgen, weil der Raab gestern verletzungsbedingt eine ziemlich kurze &#8222;Schlag den Raab&#8220;-Ausgabe abgeliefert hat und ich danach sofort eingepennt bin. Was mich denn dann mit dem Tag? Ist zwar k\u00fchl drau\u00dfen, aber &hellip;<\/p>\n<p class=\"read-more\"> <a class=\"more-link\" href=\"https:\/\/www.andreas-edler.de\/blog\/2012\/04\/morgenrunde\/\"> <span class=\"screen-reader-text\">Morgenrunde<\/span> Weiterlesen &raquo;<\/a><\/p>\n","protected":false},"author":1,"featured_media":0,"comment_status":"open","ping_status":"open","sticky":false,"template":"","format":"standard","meta":{"ngg_post_thumbnail":0,"activitypub_content_warning":"","activitypub_content_visibility":"","activitypub_max_image_attachments":2,"activitypub_interaction_policy_quote":"anyone","activitypub_status":"","footnotes":""},"categories":[15],"tags":[],"class_list":["post-11842","post","type-post","status-publish","format-standard","hentry","category-fahrrad"],"share_on_mastodon":{"url":"","error":""},"_links":{"self":[{"href":"https:\/\/www.andreas-edler.de\/blog\/wp-json\/wp\/v2\/posts\/11842","targetHints":{"allow":["GET"]}}],"collection":[{"href":"https:\/\/www.andreas-edler.de\/blog\/wp-json\/wp\/v2\/posts"}],"about":[{"href":"https:\/\/www.andreas-edler.de\/blog\/wp-json\/wp\/v2\/types\/post"}],"author":[{"embeddable":true,"href":"https:\/\/www.andreas-edler.de\/blog\/wp-json\/wp\/v2\/users\/1"}],"replies":[{"embeddable":true,"href":"https:\/\/www.andreas-edler.de\/blog\/wp-json\/wp\/v2\/comments?post=11842"}],"version-history":[{"count":0,"href":"https:\/\/www.andreas-edler.de\/blog\/wp-json\/wp\/v2\/posts\/11842\/revisions"}],"wp:attachment":[{"href":"https:\/\/www.andreas-edler.de\/blog\/wp-json\/wp\/v2\/media?parent=11842"}],"wp:term":[{"taxonomy":"category","embeddable":true,"href":"https:\/\/www.andreas-edler.de\/blog\/wp-json\/wp\/v2\/categories?post=11842"},{"taxonomy":"post_tag","embeddable":true,"href":"https:\/\/www.andreas-edler.de\/blog\/wp-json\/wp\/v2\/tags?post=11842"}],"curies":[{"name":"wp","href":"https:\/\/api.w.org\/{rel}","templated":true}]}}