{"id":116941,"date":"2014-07-09T21:05:15","date_gmt":"2014-07-09T19:05:15","guid":{"rendered":"http:\/\/www.andreas-edler.de\/blog\/?p=116941"},"modified":"2014-07-09T21:05:15","modified_gmt":"2014-07-09T19:05:15","slug":"nun-ist-der-spd-kandidat-raus","status":"publish","type":"post","link":"https:\/\/www.andreas-edler.de\/blog\/2014\/07\/nun-ist-der-spd-kandidat-raus\/","title":{"rendered":"Nun ist der SPD-Kandidat raus"},"content":{"rendered":"<p>Vor der Kommunalwahl wollte die SPD in Oeynhausen den per Ausschreibung gesuchten B\u00fcrgermeisterkandidaten pr\u00e4sentieren. Aber au\u00dfer etlichen Pressemitteilungen, dass man immer noch im Auswahlverfahren sei, ist nichts gekommen. Mal munkelte man diesen, mal den anderen Namen. Immerhin die meisten aus Bad Oeynhausen. Hat aber vor der Wahl irgendwie nicht geklappt. Und jetzt heute in der Neuen-Westf\u00e4lischen die Pr\u00e4sentation des Kandidaten inkl. externer &#8222;Vorgeschichten&#8220;. Ich find&#8217;s als erstes schon mal merkw\u00fcrdig, einen Kandidaten f\u00fcr das h\u00f6chste Amt der Stadt zu haben, der nicht mal ansatzweise aus der N\u00e4he kommt. Essen ist ja jetzt kein Vorort von Bad Oeynhausen. Und dann &#8222;Vorgeschichte&#8220;? Das haben wir doch aktuell schon und es belastet jede zweite politische Diskussion. Sollen wir uns das mit Ansage von vornherein wieder leisten?<\/p>\n<p>Selbst die &#8211; mit SPD-nah sicher nicht falsch umschriebene &#8211; Neue-Westf\u00e4lische kommentiert diese Nominierung mit &#8222;abenteuerlustig&#8220;. Mir fallen da noch andere Adjektive ein. Ganz deutlich: ich kenne den Herrn nicht! Darauf stelle ich auch gar nicht ab. Aber wenn selbst die erste Vorstellung so ist, wie heute in der Lokalpresse &#8230; was denkt sich die SPD dabei? Das darf doch wohl nicht wahr sein!<\/p>\n","protected":false},"excerpt":{"rendered":"<p>Vor der Kommunalwahl wollte die SPD in Oeynhausen den per Ausschreibung gesuchten B\u00fcrgermeisterkandidaten pr\u00e4sentieren. Aber au\u00dfer etlichen Pressemitteilungen, dass man immer noch im Auswahlverfahren sei, ist nichts gekommen. Mal munkelte man diesen, mal den anderen Namen. Immerhin die meisten aus &hellip;<\/p>\n<p class=\"read-more\"> <a class=\"more-link\" href=\"https:\/\/www.andreas-edler.de\/blog\/2014\/07\/nun-ist-der-spd-kandidat-raus\/\"> <span class=\"screen-reader-text\">Nun ist der SPD-Kandidat raus<\/span> Weiterlesen &raquo;<\/a><\/p>\n","protected":false},"author":1,"featured_media":0,"comment_status":"open","ping_status":"open","sticky":false,"template":"","format":"standard","meta":{"ngg_post_thumbnail":0,"activitypub_content_warning":"","activitypub_content_visibility":"","activitypub_max_image_attachments":2,"activitypub_interaction_policy_quote":"anyone","activitypub_status":"","footnotes":""},"categories":[14,45],"tags":[193,77,184],"class_list":["post-116941","post","type-post","status-publish","format-standard","hentry","category-bad-oeynhausen","category-politik","tag-buergermeister","tag-stadtrat","tag-wahlen"],"share_on_mastodon":{"url":"","error":""},"_links":{"self":[{"href":"https:\/\/www.andreas-edler.de\/blog\/wp-json\/wp\/v2\/posts\/116941","targetHints":{"allow":["GET"]}}],"collection":[{"href":"https:\/\/www.andreas-edler.de\/blog\/wp-json\/wp\/v2\/posts"}],"about":[{"href":"https:\/\/www.andreas-edler.de\/blog\/wp-json\/wp\/v2\/types\/post"}],"author":[{"embeddable":true,"href":"https:\/\/www.andreas-edler.de\/blog\/wp-json\/wp\/v2\/users\/1"}],"replies":[{"embeddable":true,"href":"https:\/\/www.andreas-edler.de\/blog\/wp-json\/wp\/v2\/comments?post=116941"}],"version-history":[{"count":0,"href":"https:\/\/www.andreas-edler.de\/blog\/wp-json\/wp\/v2\/posts\/116941\/revisions"}],"wp:attachment":[{"href":"https:\/\/www.andreas-edler.de\/blog\/wp-json\/wp\/v2\/media?parent=116941"}],"wp:term":[{"taxonomy":"category","embeddable":true,"href":"https:\/\/www.andreas-edler.de\/blog\/wp-json\/wp\/v2\/categories?post=116941"},{"taxonomy":"post_tag","embeddable":true,"href":"https:\/\/www.andreas-edler.de\/blog\/wp-json\/wp\/v2\/tags?post=116941"}],"curies":[{"name":"wp","href":"https:\/\/api.w.org\/{rel}","templated":true}]}}