{"id":11647,"date":"2012-03-31T10:33:07","date_gmt":"2012-03-31T08:33:07","guid":{"rendered":"http:\/\/www.andreas-edler.de\/blog\/?p=11647"},"modified":"2012-03-31T10:33:07","modified_gmt":"2012-03-31T08:33:07","slug":"fahrrad-fahren-beginnt-im-kopf","status":"publish","type":"post","link":"https:\/\/www.andreas-edler.de\/blog\/2012\/03\/fahrrad-fahren-beginnt-im-kopf\/","title":{"rendered":"Fahrrad fahren beginnt im Kopf"},"content":{"rendered":"<p>Am 13.04.2012 veranstalten der ADFC Herford und der ADFC Minden-L\u00fcbbecke im LWL-Jugendhof in Vlotho (Oeynhausener Stra\u00dfe 1, Vlotho) einen <a href=\"http:\/\/www.gruene-badoeynhausen.de\/wp\/ai1ec_event\/fahrrad-fahren-beginnt-im-kopf\/?instance_id=8\">Diskussionsabend mit Dr. Ing. J\u00fcrgen G\u00f6ttsche<\/a>. <cite>Radverkehrsf\u00f6rderung ist mehr als nur Radwegebau. Gute Radverkehrsf\u00f6rderung ist ein System aus der Schaffung von Wegen, Abstellanlagen, Wegweisung, Dienstleistungen, und \u00d6ffentlichkeitsarbeit f\u00fcr das Fahrrad. Dabei r\u00fccken \u00d6ffentlichkeitsarbeit, Kommunikation und Werbung f\u00fcr das Fahrrad fahren zunehmend in den Vordergrund.<br \/>\nWie dies gelingt , auch in Zeiten knapper Kassen bei den Kommunen, wird uns an gelungenen Beispielen erl\u00e4utert.<\/cite> Das d\u00fcrfte interessant werden. Also den Termin schon mal im Kalender notieren!<\/p>\n","protected":false},"excerpt":{"rendered":"<p>Am 13.04.2012 veranstalten der ADFC Herford und der ADFC Minden-L\u00fcbbecke im LWL-Jugendhof in Vlotho (Oeynhausener Stra\u00dfe 1, Vlotho) einen Diskussionsabend mit Dr. Ing. J\u00fcrgen G\u00f6ttsche. Radverkehrsf\u00f6rderung ist mehr als nur Radwegebau. Gute Radverkehrsf\u00f6rderung ist ein System aus der Schaffung von &hellip;<\/p>\n<p class=\"read-more\"> <a class=\"more-link\" href=\"https:\/\/www.andreas-edler.de\/blog\/2012\/03\/fahrrad-fahren-beginnt-im-kopf\/\"> <span class=\"screen-reader-text\">Fahrrad fahren beginnt im Kopf<\/span> Weiterlesen &raquo;<\/a><\/p>\n","protected":false},"author":1,"featured_media":0,"comment_status":"open","ping_status":"open","sticky":false,"template":"","format":"standard","meta":{"ngg_post_thumbnail":0,"activitypub_content_warning":"","activitypub_content_visibility":"","activitypub_max_image_attachments":2,"activitypub_interaction_policy_quote":"anyone","activitypub_status":"","footnotes":""},"categories":[15,13],"tags":[34],"class_list":["post-11647","post","type-post","status-publish","format-standard","hentry","category-fahrrad","category-verkehr","tag-kommunikation"],"share_on_mastodon":{"url":"","error":""},"_links":{"self":[{"href":"https:\/\/www.andreas-edler.de\/blog\/wp-json\/wp\/v2\/posts\/11647","targetHints":{"allow":["GET"]}}],"collection":[{"href":"https:\/\/www.andreas-edler.de\/blog\/wp-json\/wp\/v2\/posts"}],"about":[{"href":"https:\/\/www.andreas-edler.de\/blog\/wp-json\/wp\/v2\/types\/post"}],"author":[{"embeddable":true,"href":"https:\/\/www.andreas-edler.de\/blog\/wp-json\/wp\/v2\/users\/1"}],"replies":[{"embeddable":true,"href":"https:\/\/www.andreas-edler.de\/blog\/wp-json\/wp\/v2\/comments?post=11647"}],"version-history":[{"count":0,"href":"https:\/\/www.andreas-edler.de\/blog\/wp-json\/wp\/v2\/posts\/11647\/revisions"}],"wp:attachment":[{"href":"https:\/\/www.andreas-edler.de\/blog\/wp-json\/wp\/v2\/media?parent=11647"}],"wp:term":[{"taxonomy":"category","embeddable":true,"href":"https:\/\/www.andreas-edler.de\/blog\/wp-json\/wp\/v2\/categories?post=11647"},{"taxonomy":"post_tag","embeddable":true,"href":"https:\/\/www.andreas-edler.de\/blog\/wp-json\/wp\/v2\/tags?post=11647"}],"curies":[{"name":"wp","href":"https:\/\/api.w.org\/{rel}","templated":true}]}}