{"id":11643,"date":"2012-03-31T10:08:29","date_gmt":"2012-03-31T08:08:29","guid":{"rendered":"http:\/\/www.andreas-edler.de\/blog\/?p=11643"},"modified":"2012-03-31T10:09:14","modified_gmt":"2012-03-31T08:09:14","slug":"gruenguertel-radeln","status":"publish","type":"post","link":"https:\/\/www.andreas-edler.de\/blog\/2012\/03\/gruenguertel-radeln\/","title":{"rendered":"Gr\u00fcng\u00fcrtel-Radeln"},"content":{"rendered":"<p>Die CDU in Eidinghausen ist heute in der NW pr\u00e4sent mit einem Artikel \u00fcber entspanntes Radeln. Dabei vergessen sie leider, dass die meisten Menschen das Rad nicht zum Tr\u00e4umen, sondern als Verkehrsmittel benutzen. Es ist zweifelsohne angenehm, bei sonnigem Wetter \u00fcber gesplittete Waldwege zu fahren. Leider muss ich morgens aber ausschlie\u00dflich schnell zur Arbeit bzw. Sch\u00fcler in die Schule. Das ist der weitaus gr\u00f6\u00dfte Teil des Radverkehrs und f\u00fcr den ist &#8222;Radeln im Gr\u00fcng\u00fcrtel&#8220; leider v\u00f6llig uninteressant. Das Projekt welches im Artikel erw\u00e4hnt wird, ist sicher der Karbachweg &#8211; und bei dem handelt es sich um einen schicken Spazierweg in Eidinghausen, aber um keine Radverkehrsverbindung. Das wird sich auch nicht \u00e4ndern.<!--more--><\/p>\n<p>Wenn die in 2009 beschlossene aber leider immer noch nicht umgesetzte Fahrradstra\u00dfe in Oberbecksen zur Sprache kommt, wird h\u00e4misch kommentiert. In den Runden des nicht mehr existenten runden Tisch f\u00fcr eine fahrradfreundliche Stadt kann ich mich an keinen Beitrag &#8211; ehrlicherweise nicht mal mehr an eine regelm\u00e4\u00dfige Teilnahme &#8211; erinnern.<\/p>\n<p>In dieser Runde wurden Ma\u00dfnahmen erarbeitet, die den Radverkehr nach vorne bringen und sicherer machen. Die Verwaltung und Stra\u00dfenbaulasttr\u00e4ger haben still und heimlich einige der Dinge umgesetzt und z.B. Benutzungspflichten entfallen lassen. Auf meine Anregung hin hat die Verwaltung endlich die s\u00fcffisanten &#8222;Vern\u00fcnftige fahren hier kein Rad&#8220;-Schilder entfernen lassen. Ich habe auf unzul\u00e4ssige Benutzungspflichtschilder im M\u00f6nichhusen hingewiesen, welche entfernt werden. Der neue &#8222;B\u00fcrgerradweg&#8220; an der Weserstra\u00dfe ist unzul\u00e4ssigerweise linksseitig zur verpflichtenden Benutzung ausgeschildert. Das sind alles sicherheitsrelevante Dinge!<\/p>\n<p>Der marode benutzungspflichtige Radweg an der Eidinghausener Stra\u00dfe sollte mal ein Thema sein. Alles Dinge die brennen. Kein Gr\u00fcng\u00fcrtel, der ist sch\u00f6n, aber eher K\u00fcr und nicht die Pflicht! Allerdings ist es auch einfacher sich mit soetwas zu besch\u00e4ftigen, als eingefahrene Dinge zu \u00e4ndern.<\/p>\n","protected":false},"excerpt":{"rendered":"<p>Die CDU in Eidinghausen ist heute in der NW pr\u00e4sent mit einem Artikel \u00fcber entspanntes Radeln. Dabei vergessen sie leider, dass die meisten Menschen das Rad nicht zum Tr\u00e4umen, sondern als Verkehrsmittel benutzen. Es ist zweifelsohne angenehm, bei sonnigem Wetter &hellip;<\/p>\n<p class=\"read-more\"> <a class=\"more-link\" href=\"https:\/\/www.andreas-edler.de\/blog\/2012\/03\/gruenguertel-radeln\/\"> <span class=\"screen-reader-text\">Gr\u00fcng\u00fcrtel-Radeln<\/span> Weiterlesen &raquo;<\/a><\/p>\n","protected":false},"author":1,"featured_media":0,"comment_status":"open","ping_status":"open","sticky":false,"template":"","format":"standard","meta":{"ngg_post_thumbnail":0,"activitypub_content_warning":"","activitypub_content_visibility":"","activitypub_max_image_attachments":2,"activitypub_interaction_policy_quote":"anyone","activitypub_status":"","footnotes":""},"categories":[14,15,13],"tags":[],"class_list":["post-11643","post","type-post","status-publish","format-standard","hentry","category-bad-oeynhausen","category-fahrrad","category-verkehr"],"share_on_mastodon":{"url":"","error":""},"_links":{"self":[{"href":"https:\/\/www.andreas-edler.de\/blog\/wp-json\/wp\/v2\/posts\/11643","targetHints":{"allow":["GET"]}}],"collection":[{"href":"https:\/\/www.andreas-edler.de\/blog\/wp-json\/wp\/v2\/posts"}],"about":[{"href":"https:\/\/www.andreas-edler.de\/blog\/wp-json\/wp\/v2\/types\/post"}],"author":[{"embeddable":true,"href":"https:\/\/www.andreas-edler.de\/blog\/wp-json\/wp\/v2\/users\/1"}],"replies":[{"embeddable":true,"href":"https:\/\/www.andreas-edler.de\/blog\/wp-json\/wp\/v2\/comments?post=11643"}],"version-history":[{"count":0,"href":"https:\/\/www.andreas-edler.de\/blog\/wp-json\/wp\/v2\/posts\/11643\/revisions"}],"wp:attachment":[{"href":"https:\/\/www.andreas-edler.de\/blog\/wp-json\/wp\/v2\/media?parent=11643"}],"wp:term":[{"taxonomy":"category","embeddable":true,"href":"https:\/\/www.andreas-edler.de\/blog\/wp-json\/wp\/v2\/categories?post=11643"},{"taxonomy":"post_tag","embeddable":true,"href":"https:\/\/www.andreas-edler.de\/blog\/wp-json\/wp\/v2\/tags?post=11643"}],"curies":[{"name":"wp","href":"https:\/\/api.w.org\/{rel}","templated":true}]}}