{"id":11615,"date":"2012-03-27T19:00:27","date_gmt":"2012-03-27T17:00:27","guid":{"rendered":"http:\/\/www.andreas-edler.de\/blog\/?p=11615"},"modified":"2012-03-27T19:00:27","modified_gmt":"2012-03-27T17:00:27","slug":"strassenbeleuchtung","status":"publish","type":"post","link":"https:\/\/www.andreas-edler.de\/blog\/2012\/03\/strassenbeleuchtung\/","title":{"rendered":"Stra\u00dfenbeleuchtung"},"content":{"rendered":"<p><a href=\"http:\/\/www.gruene-in-loehne.de\/\">Die L\u00f6hner Gr\u00fcnen<\/a> sind <a href=\"http:\/\/www.nw-news.de\/lokale_news\/loehne\/loehne\/6473425_Gruene_Beleuchtung_teilweise_abschalten.html\">heute in der NW mit der Forderung nach einer Reduzierung der Stra\u00dfenbeleuchtung<\/a> vertreten. Ein Thema, welches auch in Bad Oeynhausen schon behandelt wurde, allerdings bisher mit einer eher uneinheitlichen Umsetzung. Wir haben uns den Klimaschutz auf die Fahnen geschrieben, die <a href=\"http:\/\/www.gruene-badoeynhausen.de\/wp\/2012\/03\/so-wird-der-umweltausschuss-ausgehebelt\/\">Fraktionen im Rat hatten aber im letzten Klima- und Umweltausschuss mehrheitlich &#8222;Bauchschmerzen&#8220; der Verwaltung ca. 50.000 \u20ac f\u00fcr entsprechende Ma\u00dfnahmen zur Verf\u00fcgung zu stellen<\/a> &#8211; f\u00fcr die ganze Stadt und \u00fcber das ganze Jahr verteilt wohlgemerkt!<\/p>\n<p>Andererseits wird aber ohne mit der Wimper zu zucken eine neue, zus\u00e4tzliche Beleuchtung im Au\u00dfenbereich der Stadt f\u00fcr 15.000 \u20ac von eben diesen Fraktionen &#8222;einfach so&#8220; durch gewunken. F\u00fcr einen Gehweg an der Volmerdingsener Stra\u00dfe, der an einem Acker entlang verl\u00e4uft und zu welchem die Verwaltung auf Nachfrage weder sagen konnte, wie stark dieser Weg zu den beleuchtungsw\u00fcrdigen Zeiten von Fu\u00dfg\u00e4ngern und Radfahrern frequentiert wird und ob dort \u00fcberhaupt aufgrund der fehlenden Beleuchtung bereits etwas passiert ist. Falls dort in der Vergangenheit Unf\u00e4lle passiert sind &#8230; dann im \u00dcbrigen eher wegen dem fehlenden Weg und nicht der Beleuchtung.<\/p>\n<p>Warum wir jetzt zus\u00e4tzliche Lampen in Au\u00dfenbereichen aufstellen, obwohl wir eigentlich sparen wollen und sogar dar\u00fcber diskutieren, die Beleuchtung eventuell abzuschalten, kann ich einfach nicht verstehen. Und es konnte mir bisher auch niemand erkl\u00e4ren.<\/p>\n","protected":false},"excerpt":{"rendered":"<p>Die L\u00f6hner Gr\u00fcnen sind heute in der NW mit der Forderung nach einer Reduzierung der Stra\u00dfenbeleuchtung vertreten. Ein Thema, welches auch in Bad Oeynhausen schon behandelt wurde, allerdings bisher mit einer eher uneinheitlichen Umsetzung. Wir haben uns den Klimaschutz auf &hellip;<\/p>\n<p class=\"read-more\"> <a class=\"more-link\" href=\"https:\/\/www.andreas-edler.de\/blog\/2012\/03\/strassenbeleuchtung\/\"> <span class=\"screen-reader-text\">Stra\u00dfenbeleuchtung<\/span> Weiterlesen &raquo;<\/a><\/p>\n","protected":false},"author":1,"featured_media":0,"comment_status":"open","ping_status":"open","sticky":false,"template":"","format":"standard","meta":{"ngg_post_thumbnail":0,"activitypub_content_warning":"","activitypub_content_visibility":"","activitypub_max_image_attachments":2,"activitypub_interaction_policy_quote":"anyone","activitypub_status":"","footnotes":""},"categories":[14,45],"tags":[75],"class_list":["post-11615","post","type-post","status-publish","format-standard","hentry","category-bad-oeynhausen","category-politik","tag-grun"],"share_on_mastodon":{"url":"","error":""},"_links":{"self":[{"href":"https:\/\/www.andreas-edler.de\/blog\/wp-json\/wp\/v2\/posts\/11615","targetHints":{"allow":["GET"]}}],"collection":[{"href":"https:\/\/www.andreas-edler.de\/blog\/wp-json\/wp\/v2\/posts"}],"about":[{"href":"https:\/\/www.andreas-edler.de\/blog\/wp-json\/wp\/v2\/types\/post"}],"author":[{"embeddable":true,"href":"https:\/\/www.andreas-edler.de\/blog\/wp-json\/wp\/v2\/users\/1"}],"replies":[{"embeddable":true,"href":"https:\/\/www.andreas-edler.de\/blog\/wp-json\/wp\/v2\/comments?post=11615"}],"version-history":[{"count":0,"href":"https:\/\/www.andreas-edler.de\/blog\/wp-json\/wp\/v2\/posts\/11615\/revisions"}],"wp:attachment":[{"href":"https:\/\/www.andreas-edler.de\/blog\/wp-json\/wp\/v2\/media?parent=11615"}],"wp:term":[{"taxonomy":"category","embeddable":true,"href":"https:\/\/www.andreas-edler.de\/blog\/wp-json\/wp\/v2\/categories?post=11615"},{"taxonomy":"post_tag","embeddable":true,"href":"https:\/\/www.andreas-edler.de\/blog\/wp-json\/wp\/v2\/tags?post=11615"}],"curies":[{"name":"wp","href":"https:\/\/api.w.org\/{rel}","templated":true}]}}