{"id":11592,"date":"2012-03-25T14:31:13","date_gmt":"2012-03-25T12:31:13","guid":{"rendered":"http:\/\/www.andreas-edler.de\/blog\/?p=11592"},"modified":"2012-03-27T22:46:09","modified_gmt":"2012-03-27T20:46:09","slug":"werrewehr-tour","status":"publish","type":"post","link":"https:\/\/www.andreas-edler.de\/blog\/2012\/03\/werrewehr-tour\/","title":{"rendered":"Werrewehr-Tour"},"content":{"rendered":"<p>Heute morgen habe ich mich um 10 Uhr an der Saline im Sielparkmit mit dem Rest der <a href=\"http:\/\/www.gruene-bo.de\">Gr\u00fcnen Fraktion Bad Oeynhausen<\/a> getroffen. Alle waren mit dem Fahrrad vor Ort, weil wir vom Sielwehr in Werste bis zum renaturierten Wehr in L\u00f6hne fahren wollten, um uns ein Bild zu machen wie soetwas aussehen kann. <\/p>\n<p style=\"text-align:center;\"><img decoding=\"async\" src=\"http:\/\/www.andreas-edler.de\/grafik\/blog_2012\/20120325_loehner_wehr.jpg\" width=\"470\" border=\"0\" alt=\"\"><\/p>\n<p> Gl\u00fccklicherweise hatte ich Handschuhe und meine Radschuhe an. Einige der anderen haben ohne bedeckte H\u00e4nde und mit offenen Schuhen etwas gefroren. Das besserte sich im Laufe der Fahrt aber schnell, die Sonne kam immer mehr raus und nach der erfolgreichen R\u00fcckfahrt konnten wir uns dann im Salz- und Zuckerland bei feinstem Sonnenschein ordentlich st\u00e4rken. Sch\u00f6ne kleine Runde :-)<\/p>\n<p>20,5 Km | 14,2 Km\/h Schnitt | 37,8 Km\/h max. | 53 H\u00f6henmeter<\/p>\n<p style=\"text-align:center;\"><iframe width='465' height='548' frameborder='0' src='http:\/\/connect.garmin.com:80\/activity\/embed\/161307368'><\/iframe><\/p>\n","protected":false},"excerpt":{"rendered":"<p>Heute morgen habe ich mich um 10 Uhr an der Saline im Sielparkmit mit dem Rest der Gr\u00fcnen Fraktion Bad Oeynhausen getroffen. Alle waren mit dem Fahrrad vor Ort, weil wir vom Sielwehr in Werste bis zum renaturierten Wehr in &hellip;<\/p>\n<p class=\"read-more\"> <a class=\"more-link\" href=\"https:\/\/www.andreas-edler.de\/blog\/2012\/03\/werrewehr-tour\/\"> <span class=\"screen-reader-text\">Werrewehr-Tour<\/span> Weiterlesen &raquo;<\/a><\/p>\n","protected":false},"author":1,"featured_media":0,"comment_status":"open","ping_status":"open","sticky":false,"template":"","format":"standard","meta":{"ngg_post_thumbnail":0,"activitypub_content_warning":"","activitypub_content_visibility":"","activitypub_max_image_attachments":2,"activitypub_interaction_policy_quote":"anyone","activitypub_status":"","footnotes":""},"categories":[15],"tags":[61,75],"class_list":["post-11592","post","type-post","status-publish","format-standard","hentry","category-fahrrad","tag-essen","tag-grun"],"share_on_mastodon":{"url":"","error":""},"_links":{"self":[{"href":"https:\/\/www.andreas-edler.de\/blog\/wp-json\/wp\/v2\/posts\/11592","targetHints":{"allow":["GET"]}}],"collection":[{"href":"https:\/\/www.andreas-edler.de\/blog\/wp-json\/wp\/v2\/posts"}],"about":[{"href":"https:\/\/www.andreas-edler.de\/blog\/wp-json\/wp\/v2\/types\/post"}],"author":[{"embeddable":true,"href":"https:\/\/www.andreas-edler.de\/blog\/wp-json\/wp\/v2\/users\/1"}],"replies":[{"embeddable":true,"href":"https:\/\/www.andreas-edler.de\/blog\/wp-json\/wp\/v2\/comments?post=11592"}],"version-history":[{"count":0,"href":"https:\/\/www.andreas-edler.de\/blog\/wp-json\/wp\/v2\/posts\/11592\/revisions"}],"wp:attachment":[{"href":"https:\/\/www.andreas-edler.de\/blog\/wp-json\/wp\/v2\/media?parent=11592"}],"wp:term":[{"taxonomy":"category","embeddable":true,"href":"https:\/\/www.andreas-edler.de\/blog\/wp-json\/wp\/v2\/categories?post=11592"},{"taxonomy":"post_tag","embeddable":true,"href":"https:\/\/www.andreas-edler.de\/blog\/wp-json\/wp\/v2\/tags?post=11592"}],"curies":[{"name":"wp","href":"https:\/\/api.w.org\/{rel}","templated":true}]}}