{"id":11557,"date":"2012-03-19T21:02:17","date_gmt":"2012-03-19T20:02:17","guid":{"rendered":"http:\/\/www.andreas-edler.de\/blog\/?p=11557"},"modified":"2012-03-19T21:02:17","modified_gmt":"2012-03-19T20:02:17","slug":"wie-ist-es-richtig","status":"publish","type":"post","link":"https:\/\/www.andreas-edler.de\/blog\/2012\/03\/wie-ist-es-richtig\/","title":{"rendered":"Wie ist es richtig?"},"content":{"rendered":"<p>In den letzten Tagen bin ich &#8211; klar, es regnet nicht! &#8211; wieder fast ausschlie\u00dflich mit dem Rad zur Arbeit gefahren. Und ich habe mich wirklich zur\u00fcckgehalten hier. Nicht erw\u00e4hnt, dass t\u00e4glich jeder der mit einem Auto aus einer Einm\u00fcndung kommt und meinen Weg quert, mir die Vorfahrt nimmt. Und nein liebe Autofahrer, wenn ich abbremsen muss und ihr gem\u00e4chlich jovial l\u00e4chelnd zur\u00fcck setzt, dann ist das nicht in Ordnung. Das ist trotzdem &#8222;Vorfahrt nehmen&#8220;. Wenn das einer mit euch in eurer Kiste machen w\u00fcrde, dann h\u00e4ttet ihr sofort das Handy am Ohr und w\u00fcrdet die Polizei anrufen. Wenn ich als Radfahrer in so einer Situation mit dem Kopf sch\u00fcttle und nicht vor Dank f\u00fcr das gro\u00dfz\u00fcgige Vorbeiwinken auf die Knie falle, dann werde ich auch noch wild angehupt und mir werden obsz\u00f6ne Gesten gezeigt. Ganz tolle Wurst.<\/p>\n<p>Auch die Dame, die mir auf meiner Seite auf dem leider benutzungspflichtigen Radweg an der Eidinghausener Stra\u00dfe auf dem Rad entgegenkam und ganz erstaunt war, dass ich nicht auf den Gehweg ausgewichen bin sondern vorsichtig anhielt, habe ich nicht erw\u00e4hnt. Die hat mich dann beschimpft, ich solle gef\u00e4lligst rechts fahren. Und \u00fcberhaupt, warum ich so uneinsichtig und bockig sei. Warum denken die Leute eigentlich, nur weil sie etwas falsch machen, muss ich mich zwingend anschlie\u00dfen? Ich darf nicht auf dem verdammten Gehweg fahren und ich tue es auch nicht. Punkt. Wenn so ein merkfreier Geisterfahrer eh schon im Gegenverkehr unterwegs ist, dann macht es den Braten auch nicht mehr fett, wenn er zus\u00e4tzlich verbotenerweise den Gehweg nutzt.<\/p>\n<p>Erw\u00e4hnen m\u00f6chte ich aber die Frau, die mich heute morgen in der Dr.-Neuh\u00e4u\u00dfer-Stra\u00dfe \u00fcberholen wollte, als ich gerade an den dort \u00fcberall am rechten Fahrbanrand parkenden Fahrzeugen vorbei fuhr. Da war halt kein Platz mehr f\u00fcr ein Auto zwischen mir und dem linken Bordstein &#8211; jedenfalls nicht ausreichend, als dass der hinter mir fahrende Polo h\u00e4tte durch gequetscht werden k\u00f6nnen. Man kann  dann einfach gelassen bleiben und die 100 Meter hinter mir abwarten, man kann mich aber auch bl\u00f6de anhupen, einen Vogel zeigen und mit der Sto\u00dfstange 20 Zentimeter neben meinem Hinterrad fahren. Beim zweiten Hupen habe ich dann angehalten und wollte fragen, was Sache sei. Da hat sie dann die T\u00fcren verriegelt und mir wieder mehrfach Gesten gezeigt, die eigentlich recht teuer sind.<\/p>\n<p>Ich habe es schon mehrfach geschrieben, ich habe mir abgew\u00f6hnt frech zu sein, wilde Gesten zu machen oder auf Autos zu tatschen. Ich halte an und\/oder spreche die Leute h\u00f6flich an. Man wird dann aber *immer* angep\u00f6belt. Selbst wenn ich gar nichts mache und nur warte. Was bilden die sich ein? Mir wird zu solchen Situationen oft von wohlmeinenden Menschen geraten, ich solle doch R\u00fccksicht nehmen. Auf wen? Und warum? Andere Menschen benehmen sich falsch, behindern oder gef\u00e4hrden mich im schlimmsten Fall und ich soll R\u00fccksicht nehmen? Auf was? Auf deren Befindlichkeiten? Wer nimmt R\u00fccksicht auf mich?<\/p>\n","protected":false},"excerpt":{"rendered":"<p>In den letzten Tagen bin ich &#8211; klar, es regnet nicht! &#8211; wieder fast ausschlie\u00dflich mit dem Rad zur Arbeit gefahren. Und ich habe mich wirklich zur\u00fcckgehalten hier. Nicht erw\u00e4hnt, dass t\u00e4glich jeder der mit einem Auto aus einer Einm\u00fcndung &hellip;<\/p>\n<p class=\"read-more\"> <a class=\"more-link\" href=\"https:\/\/www.andreas-edler.de\/blog\/2012\/03\/wie-ist-es-richtig\/\"> <span class=\"screen-reader-text\">Wie ist es richtig?<\/span> Weiterlesen &raquo;<\/a><\/p>\n","protected":false},"author":1,"featured_media":0,"comment_status":"open","ping_status":"open","sticky":false,"template":"","format":"standard","meta":{"ngg_post_thumbnail":0,"activitypub_content_warning":"","activitypub_content_visibility":"","activitypub_max_image_attachments":2,"activitypub_interaction_policy_quote":"anyone","activitypub_status":"","footnotes":""},"categories":[14,15],"tags":[37,63,71,76],"class_list":["post-11557","post","type-post","status-publish","format-standard","hentry","category-bad-oeynhausen","category-fahrrad","tag-auto","tag-benehmen","tag-regeln","tag-sicherheit"],"share_on_mastodon":{"url":"","error":""},"_links":{"self":[{"href":"https:\/\/www.andreas-edler.de\/blog\/wp-json\/wp\/v2\/posts\/11557","targetHints":{"allow":["GET"]}}],"collection":[{"href":"https:\/\/www.andreas-edler.de\/blog\/wp-json\/wp\/v2\/posts"}],"about":[{"href":"https:\/\/www.andreas-edler.de\/blog\/wp-json\/wp\/v2\/types\/post"}],"author":[{"embeddable":true,"href":"https:\/\/www.andreas-edler.de\/blog\/wp-json\/wp\/v2\/users\/1"}],"replies":[{"embeddable":true,"href":"https:\/\/www.andreas-edler.de\/blog\/wp-json\/wp\/v2\/comments?post=11557"}],"version-history":[{"count":0,"href":"https:\/\/www.andreas-edler.de\/blog\/wp-json\/wp\/v2\/posts\/11557\/revisions"}],"wp:attachment":[{"href":"https:\/\/www.andreas-edler.de\/blog\/wp-json\/wp\/v2\/media?parent=11557"}],"wp:term":[{"taxonomy":"category","embeddable":true,"href":"https:\/\/www.andreas-edler.de\/blog\/wp-json\/wp\/v2\/categories?post=11557"},{"taxonomy":"post_tag","embeddable":true,"href":"https:\/\/www.andreas-edler.de\/blog\/wp-json\/wp\/v2\/tags?post=11557"}],"curies":[{"name":"wp","href":"https:\/\/api.w.org\/{rel}","templated":true}]}}