{"id":11530,"date":"2012-03-16T15:38:36","date_gmt":"2012-03-16T14:38:36","guid":{"rendered":"http:\/\/www.andreas-edler.de\/blog\/?p=11530"},"modified":"2012-03-16T15:38:36","modified_gmt":"2012-03-16T14:38:36","slug":"polizei-uebt-sich-im-bild-jargon","status":"publish","type":"post","link":"https:\/\/www.andreas-edler.de\/blog\/2012\/03\/polizei-uebt-sich-im-bild-jargon\/","title":{"rendered":"Polizei \u00fcbt sich im BILD-Jargon"},"content":{"rendered":"<p>Ist &#8222;Raubradler&#8220; das unmotorisierte \u00c4quivalent zum &#8222;Totfahrer&#8220; der Bildzeitung? Was zeichnet den \u00fcblichen Raubradler aus? Oder handelt es lediglich um einen stinknormalen Dieb, der zuf\u00e4llig ein Fahrrad benutzte? Was ist dann jemand, der mit einem Auto ein Juweliergesch\u00e4ft ausraubt oder mit einem Pferd einen Saloon? <cite>Polizei MI-L\u00fc: <b><a href=\"http:\/\/www.presseportal.de\/polizeipresse\/pm\/43553\/2217912\/pol-mi-raubradler-verletzt-sich-bei-sturz-nach-tatausfuehrung\/rss\">Raubradler verletzt sich bei Sturz nach Tatausf\u00fchrung<\/a><\/b><br \/>\n&#8230; Der Ehemann der Gesch\u00e4digten schrie dem T\u00e4ter noch hinterher, was zu einem Sturz des Radlers f\u00fchrte &#8230;<\/cite> Fast noch mehr als die Wortwahl der Pressestelle der Polizei hat mich das Organ des Ehemanns beeindruckt! Der kann tats\u00e4chlich jemanden umschreien. Alle Achtung! ;-)<\/p>\n","protected":false},"excerpt":{"rendered":"<p>Ist &#8222;Raubradler&#8220; das unmotorisierte \u00c4quivalent zum &#8222;Totfahrer&#8220; der Bildzeitung? Was zeichnet den \u00fcblichen Raubradler aus? Oder handelt es lediglich um einen stinknormalen Dieb, der zuf\u00e4llig ein Fahrrad benutzte? Was ist dann jemand, der mit einem Auto ein Juweliergesch\u00e4ft ausraubt oder &hellip;<\/p>\n<p class=\"read-more\"> <a class=\"more-link\" href=\"https:\/\/www.andreas-edler.de\/blog\/2012\/03\/polizei-uebt-sich-im-bild-jargon\/\"> <span class=\"screen-reader-text\">Polizei \u00fcbt sich im BILD-Jargon<\/span> Weiterlesen &raquo;<\/a><\/p>\n","protected":false},"author":1,"featured_media":0,"comment_status":"open","ping_status":"open","sticky":false,"template":"","format":"standard","meta":{"ngg_post_thumbnail":0,"activitypub_content_warning":"","activitypub_content_visibility":"","activitypub_max_image_attachments":2,"activitypub_interaction_policy_quote":"anyone","activitypub_status":"","footnotes":""},"categories":[15],"tags":[34,59],"class_list":["post-11530","post","type-post","status-publish","format-standard","hentry","category-fahrrad","tag-kommunikation","tag-presse"],"share_on_mastodon":{"url":"","error":""},"_links":{"self":[{"href":"https:\/\/www.andreas-edler.de\/blog\/wp-json\/wp\/v2\/posts\/11530","targetHints":{"allow":["GET"]}}],"collection":[{"href":"https:\/\/www.andreas-edler.de\/blog\/wp-json\/wp\/v2\/posts"}],"about":[{"href":"https:\/\/www.andreas-edler.de\/blog\/wp-json\/wp\/v2\/types\/post"}],"author":[{"embeddable":true,"href":"https:\/\/www.andreas-edler.de\/blog\/wp-json\/wp\/v2\/users\/1"}],"replies":[{"embeddable":true,"href":"https:\/\/www.andreas-edler.de\/blog\/wp-json\/wp\/v2\/comments?post=11530"}],"version-history":[{"count":0,"href":"https:\/\/www.andreas-edler.de\/blog\/wp-json\/wp\/v2\/posts\/11530\/revisions"}],"wp:attachment":[{"href":"https:\/\/www.andreas-edler.de\/blog\/wp-json\/wp\/v2\/media?parent=11530"}],"wp:term":[{"taxonomy":"category","embeddable":true,"href":"https:\/\/www.andreas-edler.de\/blog\/wp-json\/wp\/v2\/categories?post=11530"},{"taxonomy":"post_tag","embeddable":true,"href":"https:\/\/www.andreas-edler.de\/blog\/wp-json\/wp\/v2\/tags?post=11530"}],"curies":[{"name":"wp","href":"https:\/\/api.w.org\/{rel}","templated":true}]}}