{"id":11477,"date":"2012-03-05T18:34:40","date_gmt":"2012-03-05T17:34:40","guid":{"rendered":"http:\/\/www.andreas-edler.de\/blog\/?p=11477"},"modified":"2012-03-05T18:34:40","modified_gmt":"2012-03-05T17:34:40","slug":"leistungsschutzrecht","status":"publish","type":"post","link":"https:\/\/www.andreas-edler.de\/blog\/2012\/03\/leistungsschutzrecht\/","title":{"rendered":"Leistungsschutzrecht"},"content":{"rendered":"<p>Ich vermag noch gar nicht zu erkennen, ob hinter der Entscheidung der Koalition f\u00fcr das Leistungsschutzrecht allerfeinste Lobbyarbeit oder schlicht Dummheit steckt. Google &#038; Co. sollen also den Verlegern Geld daf\u00fcr zahlen, wenn in deren Aggregatoren Links zu Zeitungen und Artikeln erscheinen.<\/p>\n<p>Komplett bekloppt! Wer profitiert denn von solchen Linksammlungen? Doch ausschlie\u00dflich die verlinkten Zeitungen. Die bekommen von Google v\u00f6llig unentgeltlich Nutzer zugeschoben. Eigentlich m\u00fcssten die Verleger noch dankbar sein und den Linkgeber hofieren. Stattdessen lehnt sich die Mischpoke zur\u00fcck und sucht sich einen Dummen, der stumpf ein Gesetz entwirft, dass man f\u00fcr die Dienstleistung &#8222;Ich verlinke dann mal auf Dich, damit ein User Deine Seite findet!&#8220; auch noch Geld dazu bezahlen muss.<\/p>\n<p>Das ist in etwa so bescheuert, wie von einem Rettungssanit\u00e4ter Geld zu verlangen, wenn er an der Unfallstelle aufkreuzt und einem Verletzten zu Hilfe eilt.<\/p>\n<p>W\u00e4re ich jetzt Google, w\u00fcrde ich die so agierenden Verleger kurzerhand aus dem Index kegeln. Wer nicht will, der hat schon. Bin mal gespannt wie lange die das aushalten ohne Zeter und Mordio zu schreien und sich zu beklagen, dass ja jetzt andere Quellen bevorzugt werden und keiner mehr die Zeitung im Web findet &#8230;<\/p>\n","protected":false},"excerpt":{"rendered":"<p>Ich vermag noch gar nicht zu erkennen, ob hinter der Entscheidung der Koalition f\u00fcr das Leistungsschutzrecht allerfeinste Lobbyarbeit oder schlicht Dummheit steckt. Google &#038; Co. sollen also den Verlegern Geld daf\u00fcr zahlen, wenn in deren Aggregatoren Links zu Zeitungen und &hellip;<\/p>\n<p class=\"read-more\"> <a class=\"more-link\" href=\"https:\/\/www.andreas-edler.de\/blog\/2012\/03\/leistungsschutzrecht\/\"> <span class=\"screen-reader-text\">Leistungsschutzrecht<\/span> Weiterlesen &raquo;<\/a><\/p>\n","protected":false},"author":1,"featured_media":0,"comment_status":"open","ping_status":"open","sticky":false,"template":"","format":"standard","meta":{"ngg_post_thumbnail":0,"activitypub_content_warning":"","activitypub_content_visibility":"","activitypub_max_image_attachments":2,"activitypub_interaction_policy_quote":"anyone","activitypub_status":"","footnotes":""},"categories":[45],"tags":[34,66,59,73,6],"class_list":["post-11477","post","type-post","status-publish","format-standard","hentry","category-politik","tag-kommunikation","tag-mecker","tag-presse","tag-recht","tag-web"],"share_on_mastodon":{"url":"","error":""},"_links":{"self":[{"href":"https:\/\/www.andreas-edler.de\/blog\/wp-json\/wp\/v2\/posts\/11477","targetHints":{"allow":["GET"]}}],"collection":[{"href":"https:\/\/www.andreas-edler.de\/blog\/wp-json\/wp\/v2\/posts"}],"about":[{"href":"https:\/\/www.andreas-edler.de\/blog\/wp-json\/wp\/v2\/types\/post"}],"author":[{"embeddable":true,"href":"https:\/\/www.andreas-edler.de\/blog\/wp-json\/wp\/v2\/users\/1"}],"replies":[{"embeddable":true,"href":"https:\/\/www.andreas-edler.de\/blog\/wp-json\/wp\/v2\/comments?post=11477"}],"version-history":[{"count":0,"href":"https:\/\/www.andreas-edler.de\/blog\/wp-json\/wp\/v2\/posts\/11477\/revisions"}],"wp:attachment":[{"href":"https:\/\/www.andreas-edler.de\/blog\/wp-json\/wp\/v2\/media?parent=11477"}],"wp:term":[{"taxonomy":"category","embeddable":true,"href":"https:\/\/www.andreas-edler.de\/blog\/wp-json\/wp\/v2\/categories?post=11477"},{"taxonomy":"post_tag","embeddable":true,"href":"https:\/\/www.andreas-edler.de\/blog\/wp-json\/wp\/v2\/tags?post=11477"}],"curies":[{"name":"wp","href":"https:\/\/api.w.org\/{rel}","templated":true}]}}