{"id":11452,"date":"2012-02-28T13:20:25","date_gmt":"2012-02-28T12:20:25","guid":{"rendered":"http:\/\/www.andreas-edler.de\/blog\/?p=11452"},"modified":"2019-07-19T18:14:49","modified_gmt":"2019-07-19T16:14:49","slug":"parkgebuehren-in-der-innenstadt","status":"publish","type":"post","link":"https:\/\/www.andreas-edler.de\/blog\/2012\/02\/parkgebuehren-in-der-innenstadt\/","title":{"rendered":"Parkgeb\u00fchren in der Innenstadt"},"content":{"rendered":"<p>Zun\u00e4chst einmal: ja, es ist ziemlich daneben, dass man im Verwaltungsrat der Stadtwerke A\u00f6R im Alleingang eine \u00c4nderung der Parkgeb\u00fchren beschlossen hat, ohne auf ein sowieso in Arbeit befindliche (hoffentlich) Konzept f\u00fcr die gesamte Innenstadt zu warten. Wir haben aktuell nunmal zwei Betreiber der Parkm\u00f6glichkeiten in einer kleinen Stadt und die sollten sich absprechen und an einem Strang ziehen. Alles andere ist Kuddelmuddel. So weit kann ich den Innenstadtkaufleuten zustimmen, die heute <a href=\"http:\/\/www.westfalen-blatt.de\/nachricht\/2012-02-28-widerstand-gegen-erhoehte-parkgebuehren\/?tx_ttnews[backPid]=707&#038;cHash=e688b9e525d080838cbafd9ffff9a637\">im Westfalen-Blatt ihren Unmut \u00fcber die Parksituation in Bad Oeynhausen kund taten<\/a> und am Mittwoch in der Ratssitzung eine Unterschriftenliste gegen die Abschaffung verg\u00fcnstigter Parkgeb\u00fchren vorlegen wollen.<!--more--><\/p>\n<p>Allerdings &#8211; und das habe ich nun auch schon vielfach ge\u00e4u\u00dfert &#8211; ist das ziemlich kurz gedacht. Mir fallen keine St\u00e4dte ein, die ich links liegen h\u00e4tte lassen, weil ich dort f\u00fcr Parken etwas bezahlen muss. Eigentlich halte ich das f\u00fcr die normalste Sache der Welt. Wenn ich einen Freund in Bielefeld besuche, bezahle ich dort regelm\u00e4\u00dfig bis zu 10 Euro Parkgeb\u00fchren f\u00fcr einen DVD-Abend. Ich fahre trotzdem hin. In Minden an der Schlagte zahle ich auch jedesmal.<\/p>\n<p>Dann wird auch noch die Steilvorlage mit dem Werrepark gebracht. Da sind wir beim Thema. Fr\u00fcher, als ich noch bei Hagemeyer einkaufen konnte, weil es eine Herrenabteilung gab, habe ich in der Tiefgarage am ZOB geparkt und f\u00fcr einen kleinen Schnippsel des Parktickets an der Hagemeier-Kasse 50 Pfennig erstattet bekommen,wenn ich ein Hemd gekauft habe. So wurden die Parkgeb\u00fchren gesenkt und die Gesch\u00e4fte haben eine Kundenbindung aufgebaut bzw. deutlich gezeigt, dass sie etwas f\u00fcr die Stadt tun. Ich bin echt einfach gestrickt, so kam das bei mir an. Heute wird danach gerufen, die Stadt\/die Stadtwerke m\u00fcssen etwas f\u00fcr die H\u00e4ndler tun.<\/p>\n<p>Wer bezahlt denn nun im Werrepark die Parkgeb\u00fchren? Das ECE-Centermanagement verwaltet die Fl\u00e4chen &#8211; sowohl Ladenfl\u00e4che als auch die Parkpl\u00e4tze. Also stellt erstmal das Management die Parkfl\u00e4chen. Und von wem holt sich die ECE dann das Geld? Richtig, von den H\u00e4ndlern in der Mall. Oder glaubt hier etwa irgendjemand, dass die komplette Parkraumbewirtschaftung nicht mit eingepreist ist? Es ist also am Werrepark tats\u00e4chlich so, dass der Kunde f\u00fcr den Parkplatz nichts bezahlt, letztendlich aber die H\u00e4ndler mit der Miete die Zeche \u00fcbernehmen. <\/p>\n<p>Fr\u00fcher gab es sowas &#8211; wie oben beschrieben &#8211; in abgespeckt auch in der Innenstadt. M\u00f6chten die Kaufleute gerne einen Teil meines Parktickets bezahlen, wenn ich dort einkaufe? Ich f\u00e4nde das gut! Ich pers\u00f6nlich w\u00fcrde allerdings mit dem Fahrrad zu ihr kommen, <a href=\"http:\/\/www.andreas-edler.de\/blog\/2009\/08\/die-fusgangerzone-als-rennstrecke-fur-radler\/\">das will man dann in der Innenstadt ja auch nicht<\/a>.<\/p>\n<p>Ein weiterer Irrtum ist m.M.n. nach der Trugschlu\u00df vieler Gewerbetreibender, dass die Politik sich mit Subventionen darum zu k\u00fcmmern hat, das es der Wirtschaft gut geht. Auf Bundesebene ist genau dass der Fehler der gemacht wird und wo es hinf\u00fchrt sehen wir gerade am marodierenden Schuldenwachstum des Bundes. Konkret ist mit dieser Aussage im Artikel des Westfalen-Blattes wohl gemeint: liebe Ratsmitglieder, sorgt daf\u00fcr, dass wieder frei geparkt werden darf! Nun wer zahlt das denn dann?<\/p>\n<p>Ich h\u00e4tte kein Problem damit, wenn die Einzelh\u00e4ndler im Falle eines Kaufs einfach &#8211; wie fr\u00fcher &#8211; einen Teil der Parkgeb\u00fchren erstatten. Damit schafft man zus\u00e4tzlich einen Anreiz und stellt sich positiv gegen\u00fcber dem Kunden auf. Ich habe den Schnippsel von fr\u00fcher sogar jetzt noch immer noch im Ged\u00e4chtnis! Wenn der Kunde einfach &#8222;nur so&#8220; kostenlos parkt, wird das nicht einmal registriert! Ist dann eben so, bedankt sich keiner. Die Zeche zahlt die klamme Stadt.<\/p>\n<p>Die Parksituation in Bad Oeynhausen ist ein defizit\u00e4res Gesch\u00e4ft. In anderen St\u00e4dten zahle ich auch. Ich sehe keinen Grund, warum das in Bad Oeynhausen anders sein sollte. Wie man dem Kunden dann einen Teil der &#8222;Last&#8220; abnehmen k\u00f6nnte &#8230; nun, eine M\u00f6glichkeit habe ich oben genannt!<\/p>\n","protected":false},"excerpt":{"rendered":"<p>Zun\u00e4chst einmal: ja, es ist ziemlich daneben, dass man im Verwaltungsrat der Stadtwerke A\u00f6R im Alleingang eine \u00c4nderung der Parkgeb\u00fchren beschlossen hat, ohne auf ein sowieso in Arbeit befindliche (hoffentlich) Konzept f\u00fcr die gesamte Innenstadt zu warten. Wir haben aktuell &hellip;<\/p>\n<p class=\"read-more\"> <a class=\"more-link\" href=\"https:\/\/www.andreas-edler.de\/blog\/2012\/02\/parkgebuehren-in-der-innenstadt\/\"> <span class=\"screen-reader-text\">Parkgeb\u00fchren in der Innenstadt<\/span> Weiterlesen &raquo;<\/a><\/p>\n","protected":false},"author":1,"featured_media":0,"comment_status":"open","ping_status":"open","sticky":false,"template":"","format":"standard","meta":{"ngg_post_thumbnail":0,"activitypub_content_warning":"","activitypub_content_visibility":"","activitypub_max_image_attachments":2,"activitypub_interaction_policy_quote":"anyone","activitypub_status":"","footnotes":""},"categories":[14],"tags":[51,251,214,430,59,77,72],"class_list":["post-11452","post","type-post","status-publish","format-standard","hentry","category-bad-oeynhausen","tag-geld","tag-infrastruktur","tag-parken","tag-parkraumbewirtschaftung","tag-presse","tag-stadtrat","tag-verwaltung"],"share_on_mastodon":{"url":"","error":""},"_links":{"self":[{"href":"https:\/\/www.andreas-edler.de\/blog\/wp-json\/wp\/v2\/posts\/11452","targetHints":{"allow":["GET"]}}],"collection":[{"href":"https:\/\/www.andreas-edler.de\/blog\/wp-json\/wp\/v2\/posts"}],"about":[{"href":"https:\/\/www.andreas-edler.de\/blog\/wp-json\/wp\/v2\/types\/post"}],"author":[{"embeddable":true,"href":"https:\/\/www.andreas-edler.de\/blog\/wp-json\/wp\/v2\/users\/1"}],"replies":[{"embeddable":true,"href":"https:\/\/www.andreas-edler.de\/blog\/wp-json\/wp\/v2\/comments?post=11452"}],"version-history":[{"count":0,"href":"https:\/\/www.andreas-edler.de\/blog\/wp-json\/wp\/v2\/posts\/11452\/revisions"}],"wp:attachment":[{"href":"https:\/\/www.andreas-edler.de\/blog\/wp-json\/wp\/v2\/media?parent=11452"}],"wp:term":[{"taxonomy":"category","embeddable":true,"href":"https:\/\/www.andreas-edler.de\/blog\/wp-json\/wp\/v2\/categories?post=11452"},{"taxonomy":"post_tag","embeddable":true,"href":"https:\/\/www.andreas-edler.de\/blog\/wp-json\/wp\/v2\/tags?post=11452"}],"curies":[{"name":"wp","href":"https:\/\/api.w.org\/{rel}","templated":true}]}}