{"id":11443,"date":"2012-02-25T19:45:04","date_gmt":"2012-02-25T18:45:04","guid":{"rendered":"http:\/\/www.andreas-edler.de\/blog\/?p=11443"},"modified":"2013-11-02T14:41:41","modified_gmt":"2013-11-02T13:41:41","slug":"garten-ein-bisschen-aufgeraeumt","status":"publish","type":"post","link":"https:\/\/www.andreas-edler.de\/blog\/2012\/02\/garten-ein-bisschen-aufgeraeumt\/","title":{"rendered":"Garten ein bisschen aufger\u00e4umt"},"content":{"rendered":"<p>Es wird Fr\u00fchling, jedenfalls ein bisschen. Heute war es auf jeden Fall so warm, dass ich drau\u00dfen ein bisschen Holz, das noch rumlag, klein ges\u00e4gt habe. Alex hat sch\u00f6n weggestapelt und danach wurde noch Nachbars Bambus &#8230; zumindest dessen Ausl\u00e4ufer in unserem Rasen &#8211; mit dem Fuchsschwanz gek\u00fcrzt. Leider komme ich in die L\u00fccke so schlecht rein, um das Zeug ganz auszureissen.<\/p>\n<p>Beim Aufr\u00e4umen dann auch noch den Teich zweifelnd angesehen, der muss auch dringend sauber gemacht werden &#8211; dazu war&#8217;s mir dann doch zu uselig. Und der Kirschlorbeer ben\u00f6tigt ebenfalls eine Radikalkur. Es kommen sicher noch sch\u00f6nere Tage ;-) Au\u00dferdem war am fortgeschrittenen Nachmittag auch das Nachtreffen von Tims Ski-Freizeit, so dass die Gartenaktivit\u00e4ten um 15 Uhr eingestellt wurden. Aber ein bisschen ordentlicher ist es geworden :-)<\/p>\n","protected":false},"excerpt":{"rendered":"<p>Es wird Fr\u00fchling, jedenfalls ein bisschen. Heute war es auf jeden Fall so warm, dass ich drau\u00dfen ein bisschen Holz, das noch rumlag, klein ges\u00e4gt habe. Alex hat sch\u00f6n weggestapelt und danach wurde noch Nachbars Bambus &#8230; zumindest dessen Ausl\u00e4ufer &hellip;<\/p>\n<p class=\"read-more\"> <a class=\"more-link\" href=\"https:\/\/www.andreas-edler.de\/blog\/2012\/02\/garten-ein-bisschen-aufgeraeumt\/\"> <span class=\"screen-reader-text\">Garten ein bisschen aufger\u00e4umt<\/span> Weiterlesen &raquo;<\/a><\/p>\n","protected":false},"author":1,"featured_media":0,"comment_status":"open","ping_status":"open","sticky":false,"template":"","format":"standard","meta":{"ngg_post_thumbnail":0,"activitypub_content_warning":"","activitypub_content_visibility":"","activitypub_max_image_attachments":2,"activitypub_interaction_policy_quote":"anyone","activitypub_status":"","footnotes":""},"categories":[1],"tags":[31,38,53],"class_list":["post-11443","post","type-post","status-publish","format-standard","hentry","category-allgemein","tag-garten","tag-haus","tag-wetter"],"share_on_mastodon":{"url":"","error":""},"_links":{"self":[{"href":"https:\/\/www.andreas-edler.de\/blog\/wp-json\/wp\/v2\/posts\/11443","targetHints":{"allow":["GET"]}}],"collection":[{"href":"https:\/\/www.andreas-edler.de\/blog\/wp-json\/wp\/v2\/posts"}],"about":[{"href":"https:\/\/www.andreas-edler.de\/blog\/wp-json\/wp\/v2\/types\/post"}],"author":[{"embeddable":true,"href":"https:\/\/www.andreas-edler.de\/blog\/wp-json\/wp\/v2\/users\/1"}],"replies":[{"embeddable":true,"href":"https:\/\/www.andreas-edler.de\/blog\/wp-json\/wp\/v2\/comments?post=11443"}],"version-history":[{"count":0,"href":"https:\/\/www.andreas-edler.de\/blog\/wp-json\/wp\/v2\/posts\/11443\/revisions"}],"wp:attachment":[{"href":"https:\/\/www.andreas-edler.de\/blog\/wp-json\/wp\/v2\/media?parent=11443"}],"wp:term":[{"taxonomy":"category","embeddable":true,"href":"https:\/\/www.andreas-edler.de\/blog\/wp-json\/wp\/v2\/categories?post=11443"},{"taxonomy":"post_tag","embeddable":true,"href":"https:\/\/www.andreas-edler.de\/blog\/wp-json\/wp\/v2\/tags?post=11443"}],"curies":[{"name":"wp","href":"https:\/\/api.w.org\/{rel}","templated":true}]}}