{"id":11437,"date":"2012-02-24T07:44:36","date_gmt":"2012-02-24T06:44:36","guid":{"rendered":"http:\/\/www.andreas-edler.de\/blog\/?p=11437"},"modified":"2013-11-02T14:41:41","modified_gmt":"2013-11-02T13:41:41","slug":"warum-es-quatsch-ist-an-einem-bestimmten-tag-nicht-zu-tanken","status":"publish","type":"post","link":"https:\/\/www.andreas-edler.de\/blog\/2012\/02\/warum-es-quatsch-ist-an-einem-bestimmten-tag-nicht-zu-tanken\/","title":{"rendered":"Warum es Quatsch ist, an einem bestimmten Tag nicht zu tanken"},"content":{"rendered":"<p>Wenn z.B. am 01.03.2012 niemand tankt &#8211; dieser Aufforderung kann man aktuell wohl nicht entgehen, wenn man sich in sozialen Netzwerken bewegt &#8211; dann passiert genau: <strong>nix<\/strong>! Niemand der so vollmundig damit protzt, es den Gesellschaften mal so richtig zu zeigen, wenn er den Tank seines Verbrauchers fossiler Kraftstoffe an 1\/365 nicht f\u00fcllt, wird auch nur einen Tropfen Treibstoff einsparen. Oder gar von den \u00d6lmultis weniger abnehmen. Er tankt dann halt an einem anderen Tag. Das bringt also \u00fcberhaupt gar nichts. Die Mindereinnnahmen, die fraglos da sein werden, sp\u00fclen in den folgenden Tagen wieder in die Kassen. Das juckt gar keinen.<\/p>\n<p>Leute, wenn ihr es den \u00d6lgesellschaften wirklich zeigen wollt, dann d\u00fcrft ihr nicht an einem Tag nicht tanken. Ihr d\u00fcrft das Auto gar nicht benutzen. *Das* merken die dann, weil der Verbrauch runter geht. Da das die wenigsten machen, bringt es nur was, wenn man als einzelner das Fahrzeug l\u00e4nger stehen l\u00e4sst. Sagen wir mal eine oder zwei Wochen. Dann wird auch weniger Benzin\/Diesel verbraucht, welcher auch nicht an einem anderen Tag gekauft werden muss.<\/p>\n<p>Solche Aufrufe, an einem bestimmten Tag die Zapfs\u00e4ule nicht zu besuchen sind komplett l\u00e4cherlich. Ruft doch dazu auf, mal eine Woche konsequent den Wagen stehen zu lassen und mit dem Rad ins B\u00fcro zu fahren. Das \u00e4ndert was. Aber dazu m\u00fcsste man ja bei sich selbst anfangen und Taten zeigen, statt gro\u00dfe Reden zu schwingen.<\/p>\n","protected":false},"excerpt":{"rendered":"<p>Wenn z.B. am 01.03.2012 niemand tankt &#8211; dieser Aufforderung kann man aktuell wohl nicht entgehen, wenn man sich in sozialen Netzwerken bewegt &#8211; dann passiert genau: nix! Niemand der so vollmundig damit protzt, es den Gesellschaften mal so richtig zu &hellip;<\/p>\n<p class=\"read-more\"> <a class=\"more-link\" href=\"https:\/\/www.andreas-edler.de\/blog\/2012\/02\/warum-es-quatsch-ist-an-einem-bestimmten-tag-nicht-zu-tanken\/\"> <span class=\"screen-reader-text\">Warum es Quatsch ist, an einem bestimmten Tag nicht zu tanken<\/span> Weiterlesen &raquo;<\/a><\/p>\n","protected":false},"author":1,"featured_media":0,"comment_status":"open","ping_status":"open","sticky":false,"template":"","format":"standard","meta":{"ngg_post_thumbnail":0,"activitypub_content_warning":"","activitypub_content_visibility":"","activitypub_max_image_attachments":2,"activitypub_interaction_policy_quote":"anyone","activitypub_status":"","footnotes":""},"categories":[1],"tags":[51,75,66,70],"class_list":["post-11437","post","type-post","status-publish","format-standard","hentry","category-allgemein","tag-geld","tag-grun","tag-mecker","tag-umwelt"],"share_on_mastodon":{"url":"","error":""},"_links":{"self":[{"href":"https:\/\/www.andreas-edler.de\/blog\/wp-json\/wp\/v2\/posts\/11437","targetHints":{"allow":["GET"]}}],"collection":[{"href":"https:\/\/www.andreas-edler.de\/blog\/wp-json\/wp\/v2\/posts"}],"about":[{"href":"https:\/\/www.andreas-edler.de\/blog\/wp-json\/wp\/v2\/types\/post"}],"author":[{"embeddable":true,"href":"https:\/\/www.andreas-edler.de\/blog\/wp-json\/wp\/v2\/users\/1"}],"replies":[{"embeddable":true,"href":"https:\/\/www.andreas-edler.de\/blog\/wp-json\/wp\/v2\/comments?post=11437"}],"version-history":[{"count":0,"href":"https:\/\/www.andreas-edler.de\/blog\/wp-json\/wp\/v2\/posts\/11437\/revisions"}],"wp:attachment":[{"href":"https:\/\/www.andreas-edler.de\/blog\/wp-json\/wp\/v2\/media?parent=11437"}],"wp:term":[{"taxonomy":"category","embeddable":true,"href":"https:\/\/www.andreas-edler.de\/blog\/wp-json\/wp\/v2\/categories?post=11437"},{"taxonomy":"post_tag","embeddable":true,"href":"https:\/\/www.andreas-edler.de\/blog\/wp-json\/wp\/v2\/tags?post=11437"}],"curies":[{"name":"wp","href":"https:\/\/api.w.org\/{rel}","templated":true}]}}