{"id":11405,"date":"2012-02-19T14:04:37","date_gmt":"2012-02-19T13:04:37","guid":{"rendered":"http:\/\/www.andreas-edler.de\/blog\/?p=11405"},"modified":"2012-02-19T14:04:37","modified_gmt":"2012-02-19T13:04:37","slug":"das-fahrrad-stehen-lassen","status":"publish","type":"post","link":"https:\/\/www.andreas-edler.de\/blog\/2012\/02\/das-fahrrad-stehen-lassen\/","title":{"rendered":"Das Fahrrad stehen lassen"},"content":{"rendered":"<p>Der ADFC fordert, dass Radwege auch in einem Zustand sind, dass man sie benutzen kann. Das ist mehr als verst\u00e4ndlich und eigentlich eine Selbstverst\u00e4ndlichkeit. Immerhin wird man als Radfahrer an vielen Stellen gezwungen, diese Wege zu benutzen. Und wo ein Zwang besteht, sollte wohl daf\u00fcr gesorgt werden, dass dieser auch umgesetzt werden kann. Manche Menschen fehlt diese Einsicht offensichtlich. Die <a href=\"http:\/\/bit.ly\/zIryQE\">CDU Leipzig fordert von den Radfahrern Verantwortung<\/a> und meint damit, sie sollen das Rad stehen lassen, wenn der Weg nicht ger\u00e4umt ist.<\/p>\n<p>Entschuldigung liebe CDU, aber ich muss bei soviel Eigenwilligkeit ganz laut lachen! Wenn ich mit dem Fahrrad auf einem Radweg nicht fahren kann, dann benutze ich selbstverst\u00e4ndlich die Fahrbahn! Aber das ist dann nat\u00fcrlich auch nicht genehm &#8230; Und, liebe CDU Leipzig, ich bezahle z.B. sogar f\u00fcr 3 Fahrzeuge KFZ-Steuer und benutze trotzdem meist das Fahrrad. Sicher bin ich kein Einzelfall. Schon mal dar\u00fcber nachgedacht, dass Leute wie ich die Stra\u00dfen nicht abnutzen und auch noch f\u00fcr eure Stausteherei die Infrastruktur bezahlen? Einfach mal ein bisschen weiter denken als der Tellerrand es zul\u00e4sst &#8230; <\/p>\n","protected":false},"excerpt":{"rendered":"<p>Der ADFC fordert, dass Radwege auch in einem Zustand sind, dass man sie benutzen kann. Das ist mehr als verst\u00e4ndlich und eigentlich eine Selbstverst\u00e4ndlichkeit. Immerhin wird man als Radfahrer an vielen Stellen gezwungen, diese Wege zu benutzen. Und wo ein &hellip;<\/p>\n<p class=\"read-more\"> <a class=\"more-link\" href=\"https:\/\/www.andreas-edler.de\/blog\/2012\/02\/das-fahrrad-stehen-lassen\/\"> <span class=\"screen-reader-text\">Das Fahrrad stehen lassen<\/span> Weiterlesen &raquo;<\/a><\/p>\n","protected":false},"author":1,"featured_media":0,"comment_status":"open","ping_status":"open","sticky":false,"template":"","format":"standard","meta":{"ngg_post_thumbnail":0,"activitypub_content_warning":"","activitypub_content_visibility":"","activitypub_max_image_attachments":2,"activitypub_interaction_policy_quote":"anyone","activitypub_status":"","footnotes":""},"categories":[15,13],"tags":[37,51],"class_list":["post-11405","post","type-post","status-publish","format-standard","hentry","category-fahrrad","category-verkehr","tag-auto","tag-geld"],"share_on_mastodon":{"url":"","error":""},"_links":{"self":[{"href":"https:\/\/www.andreas-edler.de\/blog\/wp-json\/wp\/v2\/posts\/11405","targetHints":{"allow":["GET"]}}],"collection":[{"href":"https:\/\/www.andreas-edler.de\/blog\/wp-json\/wp\/v2\/posts"}],"about":[{"href":"https:\/\/www.andreas-edler.de\/blog\/wp-json\/wp\/v2\/types\/post"}],"author":[{"embeddable":true,"href":"https:\/\/www.andreas-edler.de\/blog\/wp-json\/wp\/v2\/users\/1"}],"replies":[{"embeddable":true,"href":"https:\/\/www.andreas-edler.de\/blog\/wp-json\/wp\/v2\/comments?post=11405"}],"version-history":[{"count":0,"href":"https:\/\/www.andreas-edler.de\/blog\/wp-json\/wp\/v2\/posts\/11405\/revisions"}],"wp:attachment":[{"href":"https:\/\/www.andreas-edler.de\/blog\/wp-json\/wp\/v2\/media?parent=11405"}],"wp:term":[{"taxonomy":"category","embeddable":true,"href":"https:\/\/www.andreas-edler.de\/blog\/wp-json\/wp\/v2\/categories?post=11405"},{"taxonomy":"post_tag","embeddable":true,"href":"https:\/\/www.andreas-edler.de\/blog\/wp-json\/wp\/v2\/tags?post=11405"}],"curies":[{"name":"wp","href":"https:\/\/api.w.org\/{rel}","templated":true}]}}