{"id":11403,"date":"2012-02-19T13:41:31","date_gmt":"2012-02-19T12:41:31","guid":{"rendered":"http:\/\/www.andreas-edler.de\/blog\/?p=11403"},"modified":"2013-11-02T14:41:41","modified_gmt":"2013-11-02T13:41:41","slug":"schriftliche-laestereien","status":"publish","type":"post","link":"https:\/\/www.andreas-edler.de\/blog\/2012\/02\/schriftliche-laestereien\/","title":{"rendered":"Schriftliche L\u00e4stereien"},"content":{"rendered":"<p>Es w\u00e4re ziemlich blau\u00e4ugig zu glaube, es g\u00e4be Leute die nicht hinterm R\u00fccken \u00fcber andere Personen l\u00e4stern. Ich glaube, das liegt in der Natur der Menschen. Was man jedoch vermeiden sollte ist, diese L\u00e4stereien zu verschriftlichen, wenn man sich nicht ganz sicher ist, was man da gerade tut. <cite>Der Westen: <b><a href=\"http:\/\/www.derwesten.de\/staedte\/menden\/buergermeister-schickt-aus-versehen-laester-mail-an-buergerin-id6354463.html\">B\u00fcrgermeister schickt aus Versehen L\u00e4ster-Mail an B\u00fcrgerin<\/a><\/b><br \/>\n&#8230; verbunden mit dem Kommentar, ob er oder jemand aus dem Fachbereich [der B\u00fcrgerin] nicht \u201eSedativa\u201c, also Beruhigungsmittel, verschreiben k\u00f6nne &#8230;<\/cite> Ich finde den Kommentar an sich noch nicht einmal besonders schlimm. Nat\u00fcrlich nur, wenn er tats\u00e4chlich intern bleibt. Ich m\u00f6chte gar nicht wissen, wie meine Mails im Rathaus besprochen werden ;-)<\/p>\n<p>Allerdings sollte man &#8211; wenn man sich eines solch lockeren Tons beflei\u00dfigt &#8211; sich sicher sein, wie man die benutzten Medien verwendet. Und &#8222;allen antworten&#8220; ist schon mal was anderes als &#8222;antworten&#8220;. Ich habe es selbst schon erlebt, eine weitergeleitete Mail von mir als CC: zu bekommen &#8211; war auch recht aufschlussreich. CC: ist sowieso sehr problematisch. Viele Mailnutzer bekommen einfach nicht auf die Reihe, was der Unterschied zwischen &#8222;Carbon Copy&#8220; also Durchschlag und &#8222;Blind Carbon Copy&#8220; ist. Im letzteren Fall sieht niemand, dass die Mail auch noch andere Empf\u00e4nger hatte. Macht oft Sinn.<\/p>\n<p>Im Fall des Mendener B\u00fcrgermeisters w\u00e4re aber das auch schon zu viel gewesen. An der Stelle w\u00e4re es sinnvoller gewesen, sich des Kommentars komplett zu enthalten. Auch diese Erfahrung habe ich schon gemacht, als eine Mail mit einer despektierlichen \u00c4u\u00dferung meinerseits von Dritten an die von mir beschriebene Person weitergeleitet wurde. Seitdem \u00fcberlege ich noch etwas genauer, was ich schreibe. Am besten per Mail und erst Recht im Internet nur das schreiben, was man anderen auch direkt sagen w\u00fcrde. Dann macht man nichts verkehrt.<\/p>\n","protected":false},"excerpt":{"rendered":"<p>Es w\u00e4re ziemlich blau\u00e4ugig zu glaube, es g\u00e4be Leute die nicht hinterm R\u00fccken \u00fcber andere Personen l\u00e4stern. Ich glaube, das liegt in der Natur der Menschen. Was man jedoch vermeiden sollte ist, diese L\u00e4stereien zu verschriftlichen, wenn man sich nicht &hellip;<\/p>\n<p class=\"read-more\"> <a class=\"more-link\" href=\"https:\/\/www.andreas-edler.de\/blog\/2012\/02\/schriftliche-laestereien\/\"> <span class=\"screen-reader-text\">Schriftliche L\u00e4stereien<\/span> Weiterlesen &raquo;<\/a><\/p>\n","protected":false},"author":1,"featured_media":0,"comment_status":"open","ping_status":"open","sticky":false,"template":"","format":"standard","meta":{"ngg_post_thumbnail":0,"activitypub_content_warning":"","activitypub_content_visibility":"","activitypub_max_image_attachments":2,"activitypub_interaction_policy_quote":"anyone","activitypub_status":"","footnotes":""},"categories":[1],"tags":[63,34,23],"class_list":["post-11403","post","type-post","status-publish","format-standard","hentry","category-allgemein","tag-benehmen","tag-kommunikation","tag-medien"],"share_on_mastodon":{"url":"","error":""},"_links":{"self":[{"href":"https:\/\/www.andreas-edler.de\/blog\/wp-json\/wp\/v2\/posts\/11403","targetHints":{"allow":["GET"]}}],"collection":[{"href":"https:\/\/www.andreas-edler.de\/blog\/wp-json\/wp\/v2\/posts"}],"about":[{"href":"https:\/\/www.andreas-edler.de\/blog\/wp-json\/wp\/v2\/types\/post"}],"author":[{"embeddable":true,"href":"https:\/\/www.andreas-edler.de\/blog\/wp-json\/wp\/v2\/users\/1"}],"replies":[{"embeddable":true,"href":"https:\/\/www.andreas-edler.de\/blog\/wp-json\/wp\/v2\/comments?post=11403"}],"version-history":[{"count":0,"href":"https:\/\/www.andreas-edler.de\/blog\/wp-json\/wp\/v2\/posts\/11403\/revisions"}],"wp:attachment":[{"href":"https:\/\/www.andreas-edler.de\/blog\/wp-json\/wp\/v2\/media?parent=11403"}],"wp:term":[{"taxonomy":"category","embeddable":true,"href":"https:\/\/www.andreas-edler.de\/blog\/wp-json\/wp\/v2\/categories?post=11403"},{"taxonomy":"post_tag","embeddable":true,"href":"https:\/\/www.andreas-edler.de\/blog\/wp-json\/wp\/v2\/tags?post=11403"}],"curies":[{"name":"wp","href":"https:\/\/api.w.org\/{rel}","templated":true}]}}