{"id":11366,"date":"2012-02-12T22:59:10","date_gmt":"2012-02-12T21:59:10","guid":{"rendered":"http:\/\/www.andreas-edler.de\/blog\/?p=11366"},"modified":"2018-07-16T12:21:51","modified_gmt":"2018-07-16T10:21:51","slug":"benutzungspflicht-und-unmarkierte-pfosten-im-weg","status":"publish","type":"post","link":"https:\/\/www.andreas-edler.de\/blog\/2012\/02\/benutzungspflicht-und-unmarkierte-pfosten-im-weg\/","title":{"rendered":"Benutzungspflicht und unmarkierte Pfosten im Weg"},"content":{"rendered":"<p>Die neue Fu\u00dfg\u00e4nger- und Radfahrerbr\u00fccke ist sch\u00f6n breit ganz gut zu erreichen, aber trotzdem &#8217;n bisschen problematisch. Weil wohl schon mal jemand mit dem Auto dr\u00fcber gefahren ist, stehen jetzt auf jeder Seite Pfosten mitten im Weg.<\/p>\n<p>Die Br\u00fccke ist aber nun recht hoch und daher ziemlich absch\u00fcssig. Da am Ende solche Pfeiler mitten in den Weg zu stellen, erscheint mir schon ein bisschen fahrl\u00e4ssig! Vor allen Dingen, da man nicht einmal die in der aktuellen ERA empfohlenen Markierungen aufgebracht hat, die deutlicher auf den Pfosten hinweisen. <a href=\"http:\/\/www.andreas-edler.de\/blog\/2011\/11\/einfach-mal-fragen\/\">Genau das Gleiche hatten wir doch letztlich gerade im Ausschuss f\u00fcr Stadtentwicklung f\u00fcr die Pfosten am Weserradweg.<\/a> Ich meine, aus solchen Dingen kann man doch ruhig mal lernen. <\/p>\n<p style=\"text-align:center;\"><img decoding=\"async\" src=\"http:\/\/www.andreas-edler.de\/grafik\/blog_2012\/20120212_benutzungspflicht_industriegebiet.jpg\" width=\"470\" border=\"0\" alt=\"\"><\/p>\n<p> Das n\u00e4chste was dort neu ist, ist das Zeichen 240 auf der gegen\u00fcberliegenden Fahrbahnseite. Der M\u00f6nichhusen ist breit ausgebaut, viel Verkehr ist dort nicht und es ist schon lange kein Unfallschwerpunkt. Ich kann mich eigentlich an gar keinen Unfall mit Radfahrern dort erinnern. Warum dort nun eine Benutzungspflich angeordnet wurde ist f\u00fcr mich nicht nachvollziehbar. Wenn man von der Eidinghausener Stra\u00dfe in den M\u00f6nichhusen einbiegt \u00fcbrigens nicht. Und an der n\u00e4chsten Einm\u00fcndung wird das Schild auch nicht wiederholt. Ich muss das noch mal genau ansehen und verifizieren. Wenn jemand aus der Verwaltung mitliest, kann er aber schon mal den Hinweis geben, das dort zu entfernen. Es ist nach der ERA wohl nicht haltbar ;-) Vor allen Dingen nicht in beide Richtungen. Dazu ist der Weg wohl definitiv deutlich zu schmal. Und dann noch innerorts &#8230;<\/p>\n","protected":false},"excerpt":{"rendered":"<p>Die neue Fu\u00dfg\u00e4nger- und Radfahrerbr\u00fccke ist sch\u00f6n breit ganz gut zu erreichen, aber trotzdem &#8217;n bisschen problematisch. Weil wohl schon mal jemand mit dem Auto dr\u00fcber gefahren ist, stehen jetzt auf jeder Seite Pfosten mitten im Weg. Die Br\u00fccke ist &hellip;<\/p>\n<p class=\"read-more\"> <a class=\"more-link\" href=\"https:\/\/www.andreas-edler.de\/blog\/2012\/02\/benutzungspflicht-und-unmarkierte-pfosten-im-weg\/\"> <span class=\"screen-reader-text\">Benutzungspflicht und unmarkierte Pfosten im Weg<\/span> Weiterlesen &raquo;<\/a><\/p>\n","protected":false},"author":1,"featured_media":0,"comment_status":"open","ping_status":"open","sticky":false,"template":"","format":"standard","meta":{"ngg_post_thumbnail":0,"activitypub_content_warning":"","activitypub_content_visibility":"","activitypub_max_image_attachments":2,"activitypub_interaction_policy_quote":"anyone","activitypub_status":"","footnotes":""},"categories":[14,15],"tags":[110,251,355,35,207,71,76,72],"class_list":["post-11366","post","type-post","status-publish","format-standard","hentry","category-bad-oeynhausen","category-fahrrad","tag-fahrradfreundliche-stadt","tag-infrastruktur","tag-moenichhusen","tag-nordumgehung","tag-radweg","tag-regeln","tag-sicherheit","tag-verwaltung"],"share_on_mastodon":{"url":"","error":""},"_links":{"self":[{"href":"https:\/\/www.andreas-edler.de\/blog\/wp-json\/wp\/v2\/posts\/11366","targetHints":{"allow":["GET"]}}],"collection":[{"href":"https:\/\/www.andreas-edler.de\/blog\/wp-json\/wp\/v2\/posts"}],"about":[{"href":"https:\/\/www.andreas-edler.de\/blog\/wp-json\/wp\/v2\/types\/post"}],"author":[{"embeddable":true,"href":"https:\/\/www.andreas-edler.de\/blog\/wp-json\/wp\/v2\/users\/1"}],"replies":[{"embeddable":true,"href":"https:\/\/www.andreas-edler.de\/blog\/wp-json\/wp\/v2\/comments?post=11366"}],"version-history":[{"count":0,"href":"https:\/\/www.andreas-edler.de\/blog\/wp-json\/wp\/v2\/posts\/11366\/revisions"}],"wp:attachment":[{"href":"https:\/\/www.andreas-edler.de\/blog\/wp-json\/wp\/v2\/media?parent=11366"}],"wp:term":[{"taxonomy":"category","embeddable":true,"href":"https:\/\/www.andreas-edler.de\/blog\/wp-json\/wp\/v2\/categories?post=11366"},{"taxonomy":"post_tag","embeddable":true,"href":"https:\/\/www.andreas-edler.de\/blog\/wp-json\/wp\/v2\/tags?post=11366"}],"curies":[{"name":"wp","href":"https:\/\/api.w.org\/{rel}","templated":true}]}}