{"id":11277,"date":"2012-01-29T14:22:02","date_gmt":"2012-01-29T13:22:02","guid":{"rendered":"http:\/\/www.andreas-edler.de\/blog\/?p=11277"},"modified":"2013-11-02T14:41:41","modified_gmt":"2013-11-02T13:41:41","slug":"der-winter-kommt","status":"publish","type":"post","link":"https:\/\/www.andreas-edler.de\/blog\/2012\/01\/der-winter-kommt\/","title":{"rendered":"Der Winter kommt"},"content":{"rendered":"<p>Wenn ich hier links aus der Balkont\u00fcr schaue, sehe ich den Schnee \u00fcber dem Wendehammer verwirbeln. Zus\u00e4tzlich meldet der Wetterbericht mindestens f\u00fcr eine Woche Temperaturen dauerhaft unter 0\u00b0C &#8211; das wird ein Spa\u00df! :-) Wir praktisch, dass wir gestern lso waren und uns zwei sehr gut gef\u00fcllte Westfalia-Anh\u00e4nger voll Brennmaterial geholt haben! <\/p>\n<p style=\"text-align:center;font-size: smaller;\"><img decoding=\"async\" src=\"http:\/\/www.andreas-edler.de\/grafik\/blog_2012\/20120129_holzlieferung.jpg\" width=\"470\" border=\"0\" alt=\"\" title=\"\"><\/p>\n<p> Mein Onkel &#038; meine Tante hatten bei sich zu Hause im letzten Jahr alles m\u00f6gliche gesammelt und bereits klein ges\u00e4gt. Da sie &#8211; aus Gr\u00fcnden die ich nicht verstehe &#8211; ihren Ofen abgeschafft haben, k\u00f6nnen wir das nun haben. Und weil der Carport nun fertig ist und es darum drau\u00dfen auch etwas aufger\u00e4umter <s>aussieht<\/s> ist, haben wir auch Platz zum Stapeln. Die zwei H\u00e4nger reichen bestimmt f\u00fcr drei Wochen Heizung. Ist halt schon sehr trockenes Holz.<\/p>\n<p>Und weil es beim Holz holen hinter dem Ger\u00e4teschuppen immer so dunkel war, habe ich gestern noch schnell den Bewegungsmelder nebst Halogenstrahler wieder montiert. Jetzt ist ausreichend Beleuchtung vorhanden!<\/p>\n","protected":false},"excerpt":{"rendered":"<p>Wenn ich hier links aus der Balkont\u00fcr schaue, sehe ich den Schnee \u00fcber dem Wendehammer verwirbeln. Zus\u00e4tzlich meldet der Wetterbericht mindestens f\u00fcr eine Woche Temperaturen dauerhaft unter 0\u00b0C &#8211; das wird ein Spa\u00df! :-) Wir praktisch, dass wir gestern lso &hellip;<\/p>\n<p class=\"read-more\"> <a class=\"more-link\" href=\"https:\/\/www.andreas-edler.de\/blog\/2012\/01\/der-winter-kommt\/\"> <span class=\"screen-reader-text\">Der Winter kommt<\/span> Weiterlesen &raquo;<\/a><\/p>\n","protected":false},"author":1,"featured_media":0,"comment_status":"open","ping_status":"open","sticky":false,"template":"","format":"standard","meta":{"ngg_post_thumbnail":0,"activitypub_content_warning":"","activitypub_content_visibility":"","activitypub_max_image_attachments":2,"activitypub_interaction_policy_quote":"anyone","activitypub_status":"","footnotes":""},"categories":[1],"tags":[31,38,53],"class_list":["post-11277","post","type-post","status-publish","format-standard","hentry","category-allgemein","tag-garten","tag-haus","tag-wetter"],"share_on_mastodon":{"url":"","error":""},"_links":{"self":[{"href":"https:\/\/www.andreas-edler.de\/blog\/wp-json\/wp\/v2\/posts\/11277","targetHints":{"allow":["GET"]}}],"collection":[{"href":"https:\/\/www.andreas-edler.de\/blog\/wp-json\/wp\/v2\/posts"}],"about":[{"href":"https:\/\/www.andreas-edler.de\/blog\/wp-json\/wp\/v2\/types\/post"}],"author":[{"embeddable":true,"href":"https:\/\/www.andreas-edler.de\/blog\/wp-json\/wp\/v2\/users\/1"}],"replies":[{"embeddable":true,"href":"https:\/\/www.andreas-edler.de\/blog\/wp-json\/wp\/v2\/comments?post=11277"}],"version-history":[{"count":0,"href":"https:\/\/www.andreas-edler.de\/blog\/wp-json\/wp\/v2\/posts\/11277\/revisions"}],"wp:attachment":[{"href":"https:\/\/www.andreas-edler.de\/blog\/wp-json\/wp\/v2\/media?parent=11277"}],"wp:term":[{"taxonomy":"category","embeddable":true,"href":"https:\/\/www.andreas-edler.de\/blog\/wp-json\/wp\/v2\/categories?post=11277"},{"taxonomy":"post_tag","embeddable":true,"href":"https:\/\/www.andreas-edler.de\/blog\/wp-json\/wp\/v2\/tags?post=11277"}],"curies":[{"name":"wp","href":"https:\/\/api.w.org\/{rel}","templated":true}]}}