{"id":11231,"date":"2012-01-17T21:47:10","date_gmt":"2012-01-17T20:47:10","guid":{"rendered":"http:\/\/www.andreas-edler.de\/blog\/?p=11231"},"modified":"2012-01-17T21:47:10","modified_gmt":"2012-01-17T20:47:10","slug":"quer-drueber","status":"publish","type":"post","link":"https:\/\/www.andreas-edler.de\/blog\/2012\/01\/quer-drueber\/","title":{"rendered":"Quer dr\u00fcber"},"content":{"rendered":"<p>Heute morgen beim Abbiegen vom D\u00f6rgen auf den westlichen Radweg der Eidinghausener Stra\u00dfe erst wieder eine Schrecksekunde gehabt, weil ein aus dem Leingarten kommender, die Eidinghausener Richtung D\u00f6rgen querender Autofahrer nicht wusste, dass man bei durchgezogener Bordsteinkante keine Vorfahrt hat. Er zuckte kurz und ich musste mitten auf der Eidinghausener bremsen. Das ist nicht angenehm.<\/p>\n<p>Weiter unten stand dann in einer Ausfahrt wieder mal ein Fahrzeug mitten auf dem Radweg und blockierte diesen. Klar h\u00e4tte ich auf dem Gehweg dran vorbei zirkeln k\u00f6nnen. Aber zum einen will ich nicht &#8222;zirkeln&#8220; und zum anderen ist das verboten. Also habe ich sch\u00f6n mit Abstand angehalten und ganz ruhig gewartet. Nichts gesagt, nicht mal unbotm\u00e4\u00dfig angesehen. Die Fau wurde trotzdem sehr nerv\u00f6s. Kein Grund, ich war wirklich mehr als zahm, quasi gar nicht da.<\/p>\n<p>Das hat den hinter der Dame wartenden Audi-Fahrer ganz offensichtlich so sehr aufgeregt, dass er mich zun\u00e4chst durch das heruntergelassene Fenster anp\u00f6belte und danach, als ihn fragte ob er ein Problem habe, sogar ausstieg und mir drohte. Ich habe keine Ahnung, wor\u00fcber sich der junge Mann derart erregte. Leider auch keine Zeit und Mu\u00dfe f\u00fcr eine Diskussion. Habe gewinkt und bin weiter gefahren, nachdem der Radweg wieder frei war.<\/p>\n","protected":false},"excerpt":{"rendered":"<p>Heute morgen beim Abbiegen vom D\u00f6rgen auf den westlichen Radweg der Eidinghausener Stra\u00dfe erst wieder eine Schrecksekunde gehabt, weil ein aus dem Leingarten kommender, die Eidinghausener Richtung D\u00f6rgen querender Autofahrer nicht wusste, dass man bei durchgezogener Bordsteinkante keine Vorfahrt hat. &hellip;<\/p>\n<p class=\"read-more\"> <a class=\"more-link\" href=\"https:\/\/www.andreas-edler.de\/blog\/2012\/01\/quer-drueber\/\"> <span class=\"screen-reader-text\">Quer dr\u00fcber<\/span> Weiterlesen &raquo;<\/a><\/p>\n","protected":false},"author":1,"featured_media":0,"comment_status":"open","ping_status":"open","sticky":false,"template":"","format":"standard","meta":{"ngg_post_thumbnail":0,"activitypub_content_warning":"","activitypub_content_visibility":"","activitypub_max_image_attachments":2,"activitypub_interaction_policy_quote":"anyone","activitypub_status":"","footnotes":""},"categories":[15,13],"tags":[37,63,71],"class_list":["post-11231","post","type-post","status-publish","format-standard","hentry","category-fahrrad","category-verkehr","tag-auto","tag-benehmen","tag-regeln"],"share_on_mastodon":{"url":"","error":""},"_links":{"self":[{"href":"https:\/\/www.andreas-edler.de\/blog\/wp-json\/wp\/v2\/posts\/11231","targetHints":{"allow":["GET"]}}],"collection":[{"href":"https:\/\/www.andreas-edler.de\/blog\/wp-json\/wp\/v2\/posts"}],"about":[{"href":"https:\/\/www.andreas-edler.de\/blog\/wp-json\/wp\/v2\/types\/post"}],"author":[{"embeddable":true,"href":"https:\/\/www.andreas-edler.de\/blog\/wp-json\/wp\/v2\/users\/1"}],"replies":[{"embeddable":true,"href":"https:\/\/www.andreas-edler.de\/blog\/wp-json\/wp\/v2\/comments?post=11231"}],"version-history":[{"count":0,"href":"https:\/\/www.andreas-edler.de\/blog\/wp-json\/wp\/v2\/posts\/11231\/revisions"}],"wp:attachment":[{"href":"https:\/\/www.andreas-edler.de\/blog\/wp-json\/wp\/v2\/media?parent=11231"}],"wp:term":[{"taxonomy":"category","embeddable":true,"href":"https:\/\/www.andreas-edler.de\/blog\/wp-json\/wp\/v2\/categories?post=11231"},{"taxonomy":"post_tag","embeddable":true,"href":"https:\/\/www.andreas-edler.de\/blog\/wp-json\/wp\/v2\/tags?post=11231"}],"curies":[{"name":"wp","href":"https:\/\/api.w.org\/{rel}","templated":true}]}}