{"id":11165,"date":"2012-01-08T14:21:14","date_gmt":"2012-01-08T13:21:14","guid":{"rendered":"http:\/\/www.andreas-edler.de\/blog\/?p=11165"},"modified":"2013-11-02T14:43:25","modified_gmt":"2013-11-02T13:43:25","slug":"party-2","status":"publish","type":"post","link":"https:\/\/www.andreas-edler.de\/blog\/2012\/01\/party-2\/","title":{"rendered":"Party"},"content":{"rendered":"<p>In der letzten Zeit waren wir nicht <s>oft<\/s> auf so richtigen Parties in gro\u00dfen R\u00e4umen. Familientreffen, Feiern zu Hause, klar. Aber nicht mit 100 Leuten in gemieteten S\u00e4len. Aber gestern. Und was ich gleich beim Betreten der Lokalit\u00e4t bemerkte und in den letzten Monaten nicht vermisst habe war: der Zigarettenrauch. Echt, ich freue mich dass die NRW-Regierung bis zum Sommer ein Gesetz zum absoluten Rauchverbot durchboxen will.<\/p>\n<p>Die Feier war gut! Wir haben Spa\u00df gehabt, obwohl wir eigentlich nur eine der beiden Gastgeberinnen kannten. Wir trafen Bekannte, die wir dort nie vermutet h\u00e4tten. Das Essen war lecker, der DJ bem\u00fcht &#8211; auch wenn ich gar nicht auf Wolle Petry, Olaf Henning und andere Schlagergr\u00f6\u00dfen stehe. Aber der Rauch war *super* *nervig*! Ich hatte den ganzen Abend Kopfschmerzen, deswegen extra keinen Alkohol getrunken, weil die Kombination von Nikotoin und Alkohol bei mir sofort zu Migr\u00e4ne f\u00fchrt. Die Klamotten mussten komplett in die W\u00e4sche, das Sakko bringe ich vielleicht in die Reinigung und ich fand es in der Vergangenheit auch gut, dass ich mir mitten in der Nacht nicht noch schnell die Haare waschen muss, weil der Gestank mich sonst am Einschlafen hindert.<\/p>\n<p>Rauchen kann es wirklich schwierig machen, Spa\u00df an so einer Veranstaltung zu haben. Und sehr gewundert hat mich, dass es anderen genauso ging. Genau das obige wurde mir im Gespr\u00e4ch von Leuten gesagt, von denen ich es eigentlich nicht erwartet h\u00e4tte. &#8222;Zwingt Dich ja keiner hinzugehen!&#8220; ist \u00fcbrigens an der Stelle mit der d\u00fcmmste Spruch, den man bringen kann. Ich war ja da, ich h\u00e4tte gehen k\u00f6nnen. Wollte ich aber nicht. Die Einschr\u00e4nkungen und Belastungen, die einem andere durch ihr Verhalten aufzwingen, darf man aber trotzdem nennen. Nicht auszudenken, wie angenehm es mit frischer Luft gewesen w\u00e4re. <\/p>\n","protected":false},"excerpt":{"rendered":"<p>In der letzten Zeit waren wir nicht oft auf so richtigen Parties in gro\u00dfen R\u00e4umen. Familientreffen, Feiern zu Hause, klar. Aber nicht mit 100 Leuten in gemieteten S\u00e4len. Aber gestern. Und was ich gleich beim Betreten der Lokalit\u00e4t bemerkte und &hellip;<\/p>\n<p class=\"read-more\"> <a class=\"more-link\" href=\"https:\/\/www.andreas-edler.de\/blog\/2012\/01\/party-2\/\"> <span class=\"screen-reader-text\">Party<\/span> Weiterlesen &raquo;<\/a><\/p>\n","protected":false},"author":1,"featured_media":0,"comment_status":"open","ping_status":"open","sticky":false,"template":"","format":"standard","meta":{"ngg_post_thumbnail":0,"activitypub_content_warning":"","activitypub_content_visibility":"","activitypub_max_image_attachments":2,"activitypub_interaction_policy_quote":"anyone","activitypub_status":"","footnotes":""},"categories":[1],"tags":[21],"class_list":["post-11165","post","type-post","status-publish","format-standard","hentry","category-allgemein","tag-feier"],"share_on_mastodon":{"url":"","error":""},"_links":{"self":[{"href":"https:\/\/www.andreas-edler.de\/blog\/wp-json\/wp\/v2\/posts\/11165","targetHints":{"allow":["GET"]}}],"collection":[{"href":"https:\/\/www.andreas-edler.de\/blog\/wp-json\/wp\/v2\/posts"}],"about":[{"href":"https:\/\/www.andreas-edler.de\/blog\/wp-json\/wp\/v2\/types\/post"}],"author":[{"embeddable":true,"href":"https:\/\/www.andreas-edler.de\/blog\/wp-json\/wp\/v2\/users\/1"}],"replies":[{"embeddable":true,"href":"https:\/\/www.andreas-edler.de\/blog\/wp-json\/wp\/v2\/comments?post=11165"}],"version-history":[{"count":0,"href":"https:\/\/www.andreas-edler.de\/blog\/wp-json\/wp\/v2\/posts\/11165\/revisions"}],"wp:attachment":[{"href":"https:\/\/www.andreas-edler.de\/blog\/wp-json\/wp\/v2\/media?parent=11165"}],"wp:term":[{"taxonomy":"category","embeddable":true,"href":"https:\/\/www.andreas-edler.de\/blog\/wp-json\/wp\/v2\/categories?post=11165"},{"taxonomy":"post_tag","embeddable":true,"href":"https:\/\/www.andreas-edler.de\/blog\/wp-json\/wp\/v2\/tags?post=11165"}],"curies":[{"name":"wp","href":"https:\/\/api.w.org\/{rel}","templated":true}]}}