{"id":11134,"date":"2012-01-02T21:09:56","date_gmt":"2012-01-02T20:09:56","guid":{"rendered":"http:\/\/www.andreas-edler.de\/blog\/?p=11134"},"modified":"2012-01-03T07:43:46","modified_gmt":"2012-01-03T06:43:46","slug":"qualitaetsjournalismus","status":"publish","type":"post","link":"https:\/\/www.andreas-edler.de\/blog\/2012\/01\/qualitaetsjournalismus\/","title":{"rendered":"Qualit\u00e4tsjournalismus"},"content":{"rendered":"<p>Ich gucke eben auf meinen Kontoauszug und sehe eine Abbuchung \u00fcber 16,50 Euro. Die <a href=\"http:\/\/www.nw-news.de\">Neue Westf\u00e4lische<\/a> hat den monatlichen Obolus f\u00fcr meine Berechtigung zum Lesen ihrer Zeitung im PDF-Format eingezogen. Nicht viel m\u00f6chte man meinen. Allerdings interessiert mich eigentlich auch nur der Lokalteil. Alles was im \u00fcberregionalen oder gar internationalen Teil steht, ist eh veraltet und ich habe die Infos meist bereits in den Tagen und Stunden vorher ausf\u00fchrlicher und verlinkter online gesehen und gelesen. Sei es \u00fcber Facebook, Twitter, den Google-Reader oder schlicht durch andere Blogs. Den Sportteil lese ich auch nicht. Naja, fast nicht. Neuerdings gucke ich immer, wie der HCE in der Landesliga gespielt hat und ob sich meine v\u00f6llig laienhafte Meinung zum Spiel mit dem der Redakteure deckt.<!--more--><\/p>\n<p>Bleibt also der Lokalteil. Einige Dinge erf\u00e4hrt man wirklich erst aus der Zeitung. Bei manchen Sachen habe ich vielleicht mehr Hintergrundwissen und ganz, ganz selten bin ich sogar selbst mal drin ;-) So auch vergangenen Samstag. Banales Thema, 10 Jahre Euro und wie&#8217;s so ist. Wir haben ein wenig mit einem Redakteur gesprochen, der hat Fotos gemacht (sogar eins auf dem ich nicht ganz bl\u00f6de gucke), hat sich Namen notiert und dann war&#8217;s auch schon vorbei. Die Notiererei hat aber nicht soviel gebracht, denn seit Samstag fliegt mir vor Lachen jedesmal der Draht aus der M\u00fctze, wenn mich wieder mal jemand mit &#8222;Herr Otto&#8220; anspricht oder fragt, wieviele Elefanten ich denn heute schon gezeichnet habe. Denn genauso war das Bild auf dem NW-Titel unterschrieben: Andreas Otto. Vielen Dank liebe NW. Dass die Zitate im Artikel dann den falschen Personen in den Mund gelegt wurden, ist nur eine weitere Marginalie &#8211; auch wenn es mir ein Kopfsch\u00fctteln abringt. Warum werden sich denn mit spitzem Stift Namen und Zitate notiert?<\/p>\n<p>In anderen F\u00e4llen ist das nicht ganz so witzig, wenn es z.B. am 30.12. im Artikel \u00fcber den <a href=\"http:\/\/www.gruene-badoeynhausen.de\/wp\/2011\/12\/fdp-beendet-4er-koalition\/\">Bruch der FDP mit der Viererkoalition<\/a> heisst, die Gr\u00fcnen w\u00fcrden in einer Dreierkoalition mit SPD und UW weitermachen. Das hat niemand jemals gesagt und es ist auch sicher in keinem Gespr\u00e4ch so zu verstehen gewesen.<\/p>\n<p>Mir sind solche groben Schnitzer bei einigen Themen &#8211; zu denen ich halt mehr wei\u00df oder bei denen ich mich zuf\u00e4llig auskenne &#8211; schon des\u00f6fteren aufgefallen. Dinge die so nicht sein k\u00f6nnen, <s>schlicht falsch<\/s> extrem vereinfachend und dann letztendlich unrichtig erkl\u00e4rt werden. Oder die uns\u00e4glichen Berichte \u00fcber Verkehrsunf\u00e4lle, die wortw\u00f6rtlich aus dem Polizeiticker \u00fcbernommen werden und bei denen niemals auch nur ansatzweise daran gedacht wird, redaktionell Aufkl\u00e4rungsarbeit zu leisten.<\/p>\n<p>Nun bin ich ja nur ein kleines Licht und wei\u00df nicht viel, trotzdem fallen mir regelm\u00e4\u00dfig solche Dinge auf. Andere Leute wissen sicher viel mehr und in anderen Bereichen, rein statistisch m\u00fcssen denen ja auch Dinge auffallen, die ich einfach so glaube. Das l\u00e4sst die eben abgebuchten 16,50 Euro pl\u00f6tzlich gar nicht mehr so g\u00fcnstig erscheinen.<\/p>\n<p>Ist das der Qualit\u00e4tsjournalismus, von dem man so viel liest und der den Bach runter geht, wenn man nicht mehr f\u00fcr die Inhalte zahlt und sich kostenlos im Netz informiert? 16,50 Euro &#8230;<\/p>\n","protected":false},"excerpt":{"rendered":"<p>Ich gucke eben auf meinen Kontoauszug und sehe eine Abbuchung \u00fcber 16,50 Euro. Die Neue Westf\u00e4lische hat den monatlichen Obolus f\u00fcr meine Berechtigung zum Lesen ihrer Zeitung im PDF-Format eingezogen. Nicht viel m\u00f6chte man meinen. Allerdings interessiert mich eigentlich auch &hellip;<\/p>\n<p class=\"read-more\"> <a class=\"more-link\" href=\"https:\/\/www.andreas-edler.de\/blog\/2012\/01\/qualitaetsjournalismus\/\"> <span class=\"screen-reader-text\">Qualit\u00e4tsjournalismus<\/span> Weiterlesen &raquo;<\/a><\/p>\n","protected":false},"author":1,"featured_media":0,"comment_status":"open","ping_status":"open","sticky":false,"template":"","format":"standard","meta":{"ngg_post_thumbnail":0,"activitypub_content_warning":"","activitypub_content_visibility":"","activitypub_max_image_attachments":2,"activitypub_interaction_policy_quote":"anyone","activitypub_status":"","footnotes":""},"categories":[14],"tags":[66,59],"class_list":["post-11134","post","type-post","status-publish","format-standard","hentry","category-bad-oeynhausen","tag-mecker","tag-presse"],"share_on_mastodon":{"url":"","error":""},"_links":{"self":[{"href":"https:\/\/www.andreas-edler.de\/blog\/wp-json\/wp\/v2\/posts\/11134","targetHints":{"allow":["GET"]}}],"collection":[{"href":"https:\/\/www.andreas-edler.de\/blog\/wp-json\/wp\/v2\/posts"}],"about":[{"href":"https:\/\/www.andreas-edler.de\/blog\/wp-json\/wp\/v2\/types\/post"}],"author":[{"embeddable":true,"href":"https:\/\/www.andreas-edler.de\/blog\/wp-json\/wp\/v2\/users\/1"}],"replies":[{"embeddable":true,"href":"https:\/\/www.andreas-edler.de\/blog\/wp-json\/wp\/v2\/comments?post=11134"}],"version-history":[{"count":0,"href":"https:\/\/www.andreas-edler.de\/blog\/wp-json\/wp\/v2\/posts\/11134\/revisions"}],"wp:attachment":[{"href":"https:\/\/www.andreas-edler.de\/blog\/wp-json\/wp\/v2\/media?parent=11134"}],"wp:term":[{"taxonomy":"category","embeddable":true,"href":"https:\/\/www.andreas-edler.de\/blog\/wp-json\/wp\/v2\/categories?post=11134"},{"taxonomy":"post_tag","embeddable":true,"href":"https:\/\/www.andreas-edler.de\/blog\/wp-json\/wp\/v2\/tags?post=11134"}],"curies":[{"name":"wp","href":"https:\/\/api.w.org\/{rel}","templated":true}]}}