{"id":11088,"date":"2011-12-21T07:40:07","date_gmt":"2011-12-21T06:40:07","guid":{"rendered":"http:\/\/www.andreas-edler.de\/blog\/?p=11088"},"modified":"2011-12-21T07:40:07","modified_gmt":"2011-12-21T06:40:07","slug":"nicht-mehr-spitzfindig","status":"publish","type":"post","link":"https:\/\/www.andreas-edler.de\/blog\/2011\/12\/nicht-mehr-spitzfindig\/","title":{"rendered":"Nicht mehr spitzfindig"},"content":{"rendered":"<p>Bisher h\u00e4tte ich tats\u00e4chlich noch gesagt, Wulff hat sich in der Geschichte mit seinem Privatkredit sehr spitzfindig ge\u00e4u\u00dfert. Finde ich immer noch nicht gut, aber naja, er ist halt Politiker. Mir ist es ziemlich egal, von wem er wof\u00fcr einen Kredit bekommen hat, er muss aber wenn er gefragt wird, die Wahrheit sagen. Ganz besonders, wenn der Kredit aus dem Dunstkreis von Wirtschaftsinteressen kommt. Dann ist es auch egal, ob es sich um einen guten Freund handelt oder nicht &#8211; das muss offen gelegt werden. <cite>Der Westen: <b><a href=\"http:\/\/www.derwesten.de\/politik\/egon-geerkens-war-an-verhandlungen-ueber-wulffs-kredit-beteiligt-id6182637.html\">Egon Geerkens war an Verhandlungen \u00fcber Wulffs Kredit beteiligt<\/a><\/b><br \/>\n&#8230; Bislang hatte Wulff behauptet, er habe den Vertrag mit dessen Ehefrau Edith Geerkens abgeschlossen &#8230;<\/cite> Nun gibt er einen wesentlichen Punkt, der die &#8222;Spitzfindigkeit&#8220; widerlegt, selbst zu. F\u00fcr mich ist die alte Aussage insofern ganz klar eine L\u00fcge gewesen. Und das geht gar nicht.<\/p>\n<p>Ich habe das bisher ausgeschlossen, aber nun sollte Wulff sich daran erinnern, was er seinerzeit von Rau gefordert hat. Allein die 200.000 Euro die er nun fortan bis an sein Lebensende bekommt, tun mir mehr als weh in der Seele. Dieser Fall ist ein sehr sch\u00f6nes Beispiel daf\u00fcr, dass man ab einer bestimmten Position absolut keine &#8218;Verantwortung&#8216; mehr tr\u00e4gt. Ihm pers\u00f6nlich kann doch v\u00f6llig egal sein, wie er sich verh\u00e4lt. Ausbaden m\u00fcssen wir es. Sehr, sehr traurig. Wulff hat verspielt.<\/p>\n","protected":false},"excerpt":{"rendered":"<p>Bisher h\u00e4tte ich tats\u00e4chlich noch gesagt, Wulff hat sich in der Geschichte mit seinem Privatkredit sehr spitzfindig ge\u00e4u\u00dfert. Finde ich immer noch nicht gut, aber naja, er ist halt Politiker. Mir ist es ziemlich egal, von wem er wof\u00fcr einen &hellip;<\/p>\n<p class=\"read-more\"> <a class=\"more-link\" href=\"https:\/\/www.andreas-edler.de\/blog\/2011\/12\/nicht-mehr-spitzfindig\/\"> <span class=\"screen-reader-text\">Nicht mehr spitzfindig<\/span> Weiterlesen &raquo;<\/a><\/p>\n","protected":false},"author":1,"featured_media":0,"comment_status":"open","ping_status":"open","sticky":false,"template":"","format":"standard","meta":{"ngg_post_thumbnail":0,"activitypub_content_warning":"","activitypub_content_visibility":"","activitypub_max_image_attachments":2,"activitypub_interaction_policy_quote":"anyone","activitypub_status":"","footnotes":""},"categories":[45],"tags":[63,51,66,19],"class_list":["post-11088","post","type-post","status-publish","format-standard","hentry","category-politik","tag-benehmen","tag-geld","tag-mecker","tag-tagesgeschehen"],"share_on_mastodon":{"url":"","error":""},"_links":{"self":[{"href":"https:\/\/www.andreas-edler.de\/blog\/wp-json\/wp\/v2\/posts\/11088","targetHints":{"allow":["GET"]}}],"collection":[{"href":"https:\/\/www.andreas-edler.de\/blog\/wp-json\/wp\/v2\/posts"}],"about":[{"href":"https:\/\/www.andreas-edler.de\/blog\/wp-json\/wp\/v2\/types\/post"}],"author":[{"embeddable":true,"href":"https:\/\/www.andreas-edler.de\/blog\/wp-json\/wp\/v2\/users\/1"}],"replies":[{"embeddable":true,"href":"https:\/\/www.andreas-edler.de\/blog\/wp-json\/wp\/v2\/comments?post=11088"}],"version-history":[{"count":0,"href":"https:\/\/www.andreas-edler.de\/blog\/wp-json\/wp\/v2\/posts\/11088\/revisions"}],"wp:attachment":[{"href":"https:\/\/www.andreas-edler.de\/blog\/wp-json\/wp\/v2\/media?parent=11088"}],"wp:term":[{"taxonomy":"category","embeddable":true,"href":"https:\/\/www.andreas-edler.de\/blog\/wp-json\/wp\/v2\/categories?post=11088"},{"taxonomy":"post_tag","embeddable":true,"href":"https:\/\/www.andreas-edler.de\/blog\/wp-json\/wp\/v2\/tags?post=11088"}],"curies":[{"name":"wp","href":"https:\/\/api.w.org\/{rel}","templated":true}]}}