{"id":109403,"date":"2014-06-28T16:16:48","date_gmt":"2014-06-28T14:16:48","guid":{"rendered":"http:\/\/www.andreas-edler.de\/blog\/?p=109403"},"modified":"2014-06-28T16:16:48","modified_gmt":"2014-06-28T14:16:48","slug":"fahrradmeile-auf-der-innenstadtfete","status":"publish","type":"post","link":"https:\/\/www.andreas-edler.de\/blog\/2014\/06\/fahrradmeile-auf-der-innenstadtfete\/","title":{"rendered":"Fahrradmeile auf der Innenstadtfete"},"content":{"rendered":"<p>Gestern abend begann die Innenstadtfete. Ich habe im B\u00fcro aber fett Migr\u00e4ne bekommen, zu Hause gleich eine Sumatriptan eingeworfen und mich ins Bett gelegt. Um 20 Uhr war ich froh, dass der Kopf nur noch dumpf war. Habe kurz \u00fcberlegt auf 21 Uhr zu Hubert Kah zu fahren, konnte mich aber nicht aufraffen und bin auf dem Sofa bei den Muppets geblieben. Gute Entscheidung, wie ich heute morgen erfuhr. Mit &#8222;peinlich&#8220; ist der Auftritt wohl schmeichelnd umschrieben.<\/p>\n<p>Jedenfalls ging&#8217;s heute fr\u00fch raus. Um neun Uhr trafen wir uns &#8222;Am Kurpark&#8220;, um die Fahrradmeile aufzubauen. Das erste Mal pr\u00e4sentierte sich der ADFC auf der Innenstadtfete mit einer Codierstation und Infomaterial. Auch die &#8222;Trailmeisen&#8220; und <a href=\"http:\/\/bikesports.eu\/\">Bikesports<\/a> von der Mindener Stra\u00dfe waren mit einigen Ausstellungsr\u00e4dern vertreten. Der <a href=\"http:\/\/www.radladen.com\/\">Radladen<\/a> hat leider kurzfristig abgesagt. Weiterhin hatte der VCD eine Demonstration der Bremswegl\u00e4ngen aus verschiedenen Geschwindigkeiten vorbereitet. <\/p>\n<p style=\"text-align:center;font-size: smaller;\"><img decoding=\"async\" src=\"http:\/\/www.andreas-edler.de\/grafik\/blog_2014\/20140628_ADFC-Stand.jpg\" width=\"470\" border=\"0\" alt=\"\" title=\"\"><\/p>\n<p><!--more--> Der Zeitpunkt &#8222;Vormittag&#8220; war wohl nicht ganz optimal, der Besucherandrang hielt sich in Grenzen. Trotzdem haben wir einige Radwanderkarten verkauft und etliche Fahrr\u00e4der codiert. Ich habe auch verschiedene Diskussionen mit B\u00fcrgern zur Verkehrssituation gehabt. So im Nachgang betrachtet, war f\u00fcr die Menge an Publikum, recht viel an intressanter Interaktion dabei.<\/p>\n<p>N\u00e4chstes Mal schieben wir den Stand zeitlich nach hinten, fangen also sp\u00e4ter an und machen dann l\u00e4nger. Die meisten Pr\u00e4sentationen auf der Innenstadtfete beginnen erst um Mittag rum, so dass es dann voller wird. Auf der anderen Seite ist heute f\u00fcr den Nachmittag Regen angek\u00fcndigt und wir haben schon alles im Trocknen. War ein gelungener erster Auftritt fand ich &#8211; trotz der Absage und ein paar fehlenden Attraktionen, die gezeigt werden sollten. Beim n\u00e4chsten Mal dann! Man kann sich immer steigern ;-)<\/p>\n","protected":false},"excerpt":{"rendered":"<p>Gestern abend begann die Innenstadtfete. Ich habe im B\u00fcro aber fett Migr\u00e4ne bekommen, zu Hause gleich eine Sumatriptan eingeworfen und mich ins Bett gelegt. Um 20 Uhr war ich froh, dass der Kopf nur noch dumpf war. Habe kurz \u00fcberlegt &hellip;<\/p>\n<p class=\"read-more\"> <a class=\"more-link\" href=\"https:\/\/www.andreas-edler.de\/blog\/2014\/06\/fahrradmeile-auf-der-innenstadtfete\/\"> <span class=\"screen-reader-text\">Fahrradmeile auf der Innenstadtfete<\/span> Weiterlesen &raquo;<\/a><\/p>\n","protected":false},"author":1,"featured_media":0,"comment_status":"open","ping_status":"open","sticky":false,"template":"","format":"standard","meta":{"ngg_post_thumbnail":0,"activitypub_content_warning":"","activitypub_content_visibility":"","activitypub_max_image_attachments":2,"activitypub_interaction_policy_quote":"anyone","activitypub_status":"","footnotes":""},"categories":[14,15],"tags":[109,21,188],"class_list":["post-109403","post","type-post","status-publish","format-standard","hentry","category-bad-oeynhausen","category-fahrrad","tag-adfc","tag-feier","tag-innenstadtfete"],"share_on_mastodon":{"url":"","error":""},"_links":{"self":[{"href":"https:\/\/www.andreas-edler.de\/blog\/wp-json\/wp\/v2\/posts\/109403","targetHints":{"allow":["GET"]}}],"collection":[{"href":"https:\/\/www.andreas-edler.de\/blog\/wp-json\/wp\/v2\/posts"}],"about":[{"href":"https:\/\/www.andreas-edler.de\/blog\/wp-json\/wp\/v2\/types\/post"}],"author":[{"embeddable":true,"href":"https:\/\/www.andreas-edler.de\/blog\/wp-json\/wp\/v2\/users\/1"}],"replies":[{"embeddable":true,"href":"https:\/\/www.andreas-edler.de\/blog\/wp-json\/wp\/v2\/comments?post=109403"}],"version-history":[{"count":0,"href":"https:\/\/www.andreas-edler.de\/blog\/wp-json\/wp\/v2\/posts\/109403\/revisions"}],"wp:attachment":[{"href":"https:\/\/www.andreas-edler.de\/blog\/wp-json\/wp\/v2\/media?parent=109403"}],"wp:term":[{"taxonomy":"category","embeddable":true,"href":"https:\/\/www.andreas-edler.de\/blog\/wp-json\/wp\/v2\/categories?post=109403"},{"taxonomy":"post_tag","embeddable":true,"href":"https:\/\/www.andreas-edler.de\/blog\/wp-json\/wp\/v2\/tags?post=109403"}],"curies":[{"name":"wp","href":"https:\/\/api.w.org\/{rel}","templated":true}]}}