{"id":10773,"date":"2011-11-22T11:34:00","date_gmt":"2011-11-22T10:34:00","guid":{"rendered":"http:\/\/www.andreas-edler.de\/blog\/?p=10773"},"modified":"2011-11-22T11:34:00","modified_gmt":"2011-11-22T10:34:00","slug":"wieder-nicht-vor-unangepasstem-autofahrer-geschutzt","status":"publish","type":"post","link":"https:\/\/www.andreas-edler.de\/blog\/2011\/11\/wieder-nicht-vor-unangepasstem-autofahrer-geschutzt\/","title":{"rendered":"Wieder nicht vor unangepasstem Autofahrer gesch\u00fctzt"},"content":{"rendered":"<p><a href=\"http:\/\/www.polizei.nrw.de\/presse\/portal\/minden-luebbecke\/111121-101513-13-332\/helm-bewahrt-radfahrer-vor-schweren-verletzungen-foto\">Die Polizei meldete gestern<\/a> &#8211; und die NW \u00fcbernahm heute &#8211; dass auf der Triftenstra\u00dfe ein Radfahrer frontal in ein Auto gefahren sei. <cite>Polizei Mi-L\u00fc: <b><a href=\"http:\/\/www.polizei.nrw.de\/presse\/portal\/minden-luebbecke\/111121-101513-13-332\/helm-bewahrt-radfahrer-vor-schweren-verletzungen-foto\">Helm bewahrt Radfahrer vor schweren Verletzungen<\/a><\/b><br \/>\n&#8230; Autofahrer befuhr um kurz vor 18 Uhr die Triftenstra\u00dfe bergab in Richtung Bergstra\u00dfe. Im entgegen kam der 49-j\u00e4hrige Radfahrer. Da die Bergstra\u00dfe aus Sicht des 19-J\u00e4hrigen in dem Scheitelpunkt einer ann\u00e4hrend 90 Grad Kurve m\u00fcndet, musste der junge Mann seinen Wagen stark abbremsen. Dabei rutschte der Pkw auf der leicht feuchten Fahrbahn in den Gegenverkehr und kollidierte dort mit dem Radfahrer &#8230; Nach Einsch\u00e4tzung der Polizei h\u00e4tte sich der Mann ohne den Helm schwere Kopfverletzungen zugezogen.<\/cite> Nach meinen Einsch\u00e4tzungen, war der Autofahrer mit einer nicht den Verh\u00e4ltnissen angepassten Geschwindigkeit unterwegs und hat zudem die Vorfahrt des Radfahrer missachtet. Dieses ganze Gefasel von Scheitelpunkt und 90\u00b0 Kurve ist wurstegal, der muss da aufpassen. Ich fahre an dieser Stelle mehrmals die Woche entlang und es ist weder schlecht einsehbar noch \u00fcber Geb\u00fchr steil. Dort kann man ganz bequem anhalten. Auch auf einer leicht feuchten Fahrbahn. Punkt.<\/p>\n<p>Die Polizei formuliert aus der Situation gleich zwei mildernde Umst\u00e4nde f\u00fcr den jungen Mann: einmal ist es un\u00fcbersichtlich (Scheitelpunkt, 90\u00b0) und dann kann man ja nun f\u00fcr&#8217;s Wetter wirklich nichts (leicht feucht).<\/p>\n<p>Und der Helm &#8230; nun, ohne zu wissen, wie schnell beide unterwegs waren, ist so eine Vermutung der Polizei hinsichtlich der Schutzwirkung stochern im Nebel. Und was im Artikel wieder v\u00f6llig untergeht: <strong>der Helm hat erneut keinen Unfall verhindert<\/strong>, der aufgrund der Unachtsamkeit eines Autofahrers passiert ist. <\/p>\n","protected":false},"excerpt":{"rendered":"<p>Die Polizei meldete gestern &#8211; und die NW \u00fcbernahm heute &#8211; dass auf der Triftenstra\u00dfe ein Radfahrer frontal in ein Auto gefahren sei. Polizei Mi-L\u00fc: Helm bewahrt Radfahrer vor schweren Verletzungen &#8230; Autofahrer befuhr um kurz vor 18 Uhr die &hellip;<\/p>\n<p class=\"read-more\"> <a class=\"more-link\" href=\"https:\/\/www.andreas-edler.de\/blog\/2011\/11\/wieder-nicht-vor-unangepasstem-autofahrer-geschutzt\/\"> <span class=\"screen-reader-text\">Wieder nicht vor unangepasstem Autofahrer gesch\u00fctzt<\/span> Weiterlesen &raquo;<\/a><\/p>\n","protected":false},"author":1,"featured_media":0,"comment_status":"open","ping_status":"open","sticky":false,"template":"","format":"standard","meta":{"ngg_post_thumbnail":0,"activitypub_content_warning":"","activitypub_content_visibility":"","activitypub_max_image_attachments":2,"activitypub_interaction_policy_quote":"anyone","activitypub_status":"","footnotes":""},"categories":[14,15],"tags":[59,71],"class_list":["post-10773","post","type-post","status-publish","format-standard","hentry","category-bad-oeynhausen","category-fahrrad","tag-presse","tag-regeln"],"share_on_mastodon":{"url":"","error":""},"_links":{"self":[{"href":"https:\/\/www.andreas-edler.de\/blog\/wp-json\/wp\/v2\/posts\/10773","targetHints":{"allow":["GET"]}}],"collection":[{"href":"https:\/\/www.andreas-edler.de\/blog\/wp-json\/wp\/v2\/posts"}],"about":[{"href":"https:\/\/www.andreas-edler.de\/blog\/wp-json\/wp\/v2\/types\/post"}],"author":[{"embeddable":true,"href":"https:\/\/www.andreas-edler.de\/blog\/wp-json\/wp\/v2\/users\/1"}],"replies":[{"embeddable":true,"href":"https:\/\/www.andreas-edler.de\/blog\/wp-json\/wp\/v2\/comments?post=10773"}],"version-history":[{"count":0,"href":"https:\/\/www.andreas-edler.de\/blog\/wp-json\/wp\/v2\/posts\/10773\/revisions"}],"wp:attachment":[{"href":"https:\/\/www.andreas-edler.de\/blog\/wp-json\/wp\/v2\/media?parent=10773"}],"wp:term":[{"taxonomy":"category","embeddable":true,"href":"https:\/\/www.andreas-edler.de\/blog\/wp-json\/wp\/v2\/categories?post=10773"},{"taxonomy":"post_tag","embeddable":true,"href":"https:\/\/www.andreas-edler.de\/blog\/wp-json\/wp\/v2\/tags?post=10773"}],"curies":[{"name":"wp","href":"https:\/\/api.w.org\/{rel}","templated":true}]}}