{"id":10770,"date":"2011-11-19T18:28:00","date_gmt":"2011-11-19T17:28:00","guid":{"rendered":"http:\/\/www.andreas-edler.de\/blog\/?p=10770"},"modified":"2011-11-20T16:40:43","modified_gmt":"2011-11-20T15:40:43","slug":"fast-dicht-2","status":"publish","type":"post","link":"https:\/\/www.andreas-edler.de\/blog\/2011\/11\/fast-dicht-2\/","title":{"rendered":"Fast dicht"},"content":{"rendered":"<p>Es geht voran &#8211; langsam, aber man sieht nun, wo es hingehen soll. Heute haben ich im Carport die restlichen Verstrebungen f\u00fcr die Seitenw\u00e4nde ges\u00e4gt und montiert. Die T\u00fcrpfosten habe ich mit L-Profilen im Boden einbetoniert und die Rahmen f\u00fcr die beiden 133&#215;50 gro\u00dfen Fenster gebaut. Alex hat das alles immer schnell mit Lasur gestrichen. Dann ging&#8217;s dabei mit dem verbauen der W\u00e4nde. Die R\u00fcckwand vom Carport (und gleichzeitig Seitenwand des Ger\u00e4teschuppens) ist nun fertig, die Bretter an der R\u00fcckwand vom Ger\u00e4tehaus habe ich auch alle befestigt. <\/p>\n<p style=\"text-align:center;font-size: smaller;\"><img decoding=\"async\" src=\"http:\/\/www.andreas-edler.de\/grafik\/blog_2011\/20111120_carport_innen.jpg\" width=\"470\" border=\"0\" alt=\"\" title=\"\"><\/p>\n<p> Von vorne sieht es nun schon fast fertig aus und die Vespa hat nun auch endlich wieder ein Dach \u00fcber dem Kopf. Tat mir in der Seele weh, dass die immer drau\u00dfen stehen musste. Leider fehlt noch immer die Dachabdeckung &#8211; ich wei\u00df gar nicht, warum Trapezbleche so eine lange Lieferzeit haben. Das kann doch gar nicht sein! <\/p>\n<p style=\"text-align:center;font-size: smaller;\"><img decoding=\"async\" src=\"http:\/\/www.andreas-edler.de\/grafik\/blog_2011\/20111120_carport.jpg\" width=\"470\" border=\"0\" alt=\"\" title=\"\"><\/p>\n<p> Bin jedenfalls deutlich zufriedener mit dem Bau als mit dem alten wei\u00dfen Ding. Das war mir zu &#8230; irgendwas. Jedenfalls nicht sch\u00f6n.<\/p>\n","protected":false},"excerpt":{"rendered":"<p>Es geht voran &#8211; langsam, aber man sieht nun, wo es hingehen soll. Heute haben ich im Carport die restlichen Verstrebungen f\u00fcr die Seitenw\u00e4nde ges\u00e4gt und montiert. Die T\u00fcrpfosten habe ich mit L-Profilen im Boden einbetoniert und die Rahmen f\u00fcr &hellip;<\/p>\n<p class=\"read-more\"> <a class=\"more-link\" href=\"https:\/\/www.andreas-edler.de\/blog\/2011\/11\/fast-dicht-2\/\"> <span class=\"screen-reader-text\">Fast dicht<\/span> Weiterlesen &raquo;<\/a><\/p>\n","protected":false},"author":1,"featured_media":0,"comment_status":"open","ping_status":"open","sticky":false,"template":"","format":"standard","meta":{"ngg_post_thumbnail":0,"activitypub_content_warning":"","activitypub_content_visibility":"","activitypub_max_image_attachments":2,"activitypub_interaction_policy_quote":"anyone","activitypub_status":"","footnotes":""},"categories":[22],"tags":[38],"class_list":["post-10770","post","type-post","status-publish","format-standard","hentry","category-basteln","tag-haus"],"share_on_mastodon":{"url":"","error":""},"_links":{"self":[{"href":"https:\/\/www.andreas-edler.de\/blog\/wp-json\/wp\/v2\/posts\/10770","targetHints":{"allow":["GET"]}}],"collection":[{"href":"https:\/\/www.andreas-edler.de\/blog\/wp-json\/wp\/v2\/posts"}],"about":[{"href":"https:\/\/www.andreas-edler.de\/blog\/wp-json\/wp\/v2\/types\/post"}],"author":[{"embeddable":true,"href":"https:\/\/www.andreas-edler.de\/blog\/wp-json\/wp\/v2\/users\/1"}],"replies":[{"embeddable":true,"href":"https:\/\/www.andreas-edler.de\/blog\/wp-json\/wp\/v2\/comments?post=10770"}],"version-history":[{"count":0,"href":"https:\/\/www.andreas-edler.de\/blog\/wp-json\/wp\/v2\/posts\/10770\/revisions"}],"wp:attachment":[{"href":"https:\/\/www.andreas-edler.de\/blog\/wp-json\/wp\/v2\/media?parent=10770"}],"wp:term":[{"taxonomy":"category","embeddable":true,"href":"https:\/\/www.andreas-edler.de\/blog\/wp-json\/wp\/v2\/categories?post=10770"},{"taxonomy":"post_tag","embeddable":true,"href":"https:\/\/www.andreas-edler.de\/blog\/wp-json\/wp\/v2\/tags?post=10770"}],"curies":[{"name":"wp","href":"https:\/\/api.w.org\/{rel}","templated":true}]}}