{"id":106909,"date":"2014-06-24T21:23:09","date_gmt":"2014-06-24T19:23:09","guid":{"rendered":"http:\/\/www.andreas-edler.de\/blog\/?p=106909"},"modified":"2014-06-24T21:23:09","modified_gmt":"2014-06-24T19:23:09","slug":"die-presse-fragt-zum-offenen-brief-wir-antworten","status":"publish","type":"post","link":"https:\/\/www.andreas-edler.de\/blog\/2014\/06\/die-presse-fragt-zum-offenen-brief-wir-antworten\/","title":{"rendered":"Die Presse fragt zum Offenen Brief, wir antworten"},"content":{"rendered":"<p>Anfang Juni verschickte der ADFC an die Lokalpolitik einen <a href=\"http:\/\/www.adfc-nrw.de\/kreisverbaende\/kv-minden\/ortsgruppen\/og-bad-oeynhausen\/aktuelles-bad-oeynh.html\">offenen Brief<\/a>, den wir auch sehr zeitnah beantwortet haben. Inzwischen gab es offensichtlich einen Vor-Ort-Termin [Anm.: Von dem ich nichts wusste und an dem ich somit auch nicht teilgenommen habe!] mit der Presse. Diese fragte heute bei mir nach, wie die Position der Gr\u00fcnen zu dem offenen Brief ist und wie wir damit umgehen. Meine Antwort ver\u00f6ffentliche ich nat\u00fcrlich hier, da die Anfrage des ADFC ja auch \u00f6ffentlich war.<!--more--><\/p>\n<p><cite>Hallo Xxxxxx Xxxxxx,<br \/>\n<br \/>\nAm 24. Juni 2014 12:34 schrieb  Xxxxxx Xxxxxx@lokale Zeitung:<br \/>\n<br \/>\n> habe mich gerade mit [dem ADFC] am Radweg an der<br \/>\n> Steinstra\u00dfe getroffen. Wie wollen die Gr\u00fcnen mit seinem Anliegen und dem<br \/>\n> offenen Brief umgehen?<br \/>\n<br \/>\nNun, zun\u00e4chst habe ich diesen offenen Brief mit formuliert. Insofern ist die Position der Gr\u00fcnen in Bad Oeynhausen, was die Ausgestaltung von Radverkehrsanlagen und die Behandlung von Fahrradfahrern im Verkehr angeht, mit der des ADFC vor Ort deckungsgleich. Als Startpunkt zu vielen Situationen in Bad Oeynhausen mit radverkehrstechnischem Bezug mag Ihnen die Seite <a href=\"http:\/\/www.andreas-edler.de\/blog\/rad-bad-oeynhausen\/\">http:\/\/www.andreas-edler.de\/blog\/rad-bad-oeynhausen\/<\/a> dienen. Konkret zum letzten Unfall an der Steinstra\u00dfe habe ich folgenden Text formuliert: <a href=\"http:\/\/www.andreas-edler.de\/blog\/2014\/06\/auf-der-steinstrasse-radfahrerin-umgefahren\/\">http:\/\/www.andreas-edler.de\/blog\/2014\/06\/auf-der-steinstrasse-radfahrerin-umgefahren\/<\/a><br \/>\n<br \/>\nDa ich als Mensch sowohl normaler Radfahrer, als auch im ADFC organisierter Aktiver und Mitglied der Gr\u00fcnen Ratsfraktion bin, decken sich die Inhalte nat\u00fcrlich.<br \/>\n<br \/>\nDas gr\u00f6\u00dfte Problem in Bad Oeynhausen ist die Kommunikation! Infrastrukturell ist Bad Oeynhausen gut aufgestellt. Lediglich einige gef\u00e4hrliche benutzungspflichtige Radwege &#8211; wie z.B. der an der Steinstra\u00dfe, aber auch der an der Eidinghausener Stra\u00dfe zwischen Kreisel und Mindener Stra\u00dfe &#8211; m\u00fcssen aufgehoben werden. Daran arbeitet die Gr\u00fcne Fraktion in den letzten 5 Jahren best\u00e4ndig durch entsprechende Antr\u00e4ge und Anfragen in den Fachaussch\u00fcssen und dem Rat. Ebenso wurden bereits Befahrungen der kritischen Stellen mit der Verwaltung durchgef\u00fchrt. In der Vergangenheit sind durch entsprechende Arbeit der Gr\u00fcnen, auch in Zusammenarbeit mit dem ADFC, bereits Benutzungspflichten aufgehoben worden, zum Beispiel an der Weserstra\u00dfe. Leider ohne dass dies in irgendeiner Form \u00f6ffentlich bekannt gemacht worden w\u00e4re.<br \/>\n<br \/>\nWeiterhin ist aktuell ein Antrag von uns bei der Verwaltung in Arbeit, die Radf\u00fchrung am Ortseingang nach Eidinghausen von der Autobahnbr\u00fccke kommend durch entsprechende Leitlinien zu vebessern und auf die Fahrbahn zu lenken (<a href=\"http:\/\/www.gruene-badoeynhausen.de\/wp\/2014\/03\/radverkehrsfuehrung-an-der-eidinghausener-strasse-schwagerstrasse\/\">http:\/\/www.gruene-badoeynhausen.de\/wp\/2014\/03\/radverkehrsfuehrung-an-der-eidinghausener-strasse-schwagerstrasse\/<\/a>). Einen Umsetzungstermin dazu kann ich nicht nennen. An der W\u00f6hrener Stra\u00dfe wurde das <a href=\"http:\/\/www.gruene-badoeynhausen.de\/wp\/2012\/09\/radfahrermarkierungen-an-der-woehrener-strasse\/\">auf unseren Antrag hin<\/a> bereits so umgesetzt. Wir lassen da nicht locker. Weitere solcher Antr\u00e4ge werden folgen.<br \/>\n<br \/>\nAbseits der Hauptverkehrsadern gilt in fast ganz Bad Oeynhausen eine Begrenzung auf Tempo 30, entweder als Zone oder per Streckengebot. Hier sind besondere Radverkehrsanlagen nicht n\u00f6tig bzw. unter Umst\u00e4nden auch nicht zul\u00e4ssig. Selbstverst\u00e4ndlich f\u00e4hrt man hier mit dem Rad auf der Fahrbahn. Solche Unf\u00e4lle wie an der Steinstra\u00dfe sind somit so gut wie ausgeschlossen. Leider ist das vielen Verkehrsteilnehmern &#8211; gerade den motorisierten! &#8211; nicht bewusst und sie dr\u00e4ngen Radfahrer auf vermeintliche Radwege, wo keine sind. So zum Beispiel im n\u00f6rdlichen Teil der Eidinghausener Stra\u00dfe, der K\u00f6nigstra\u00dfe, der Weserstra\u00dfe oder der Hermann-L\u00f6ns-Stra\u00dfe. Letzterer Fall ist besonders extrem, da dort die Markierung viel zu schmal ist, nicht einmal als Radstreifen ausgewiesen wurde und die Verwaltung auf mehrfache Hinweise <a href=\"http:\/\/www.andreas-edler.de\/blog\/rad-bad-oeynhausen\/hermann-loens-strasse\/#20081123\">eine Entfernung der Markierung aus Kostengr\u00fcnden ablehnt<\/a>! (<a href=\"http:\/\/www.andreas-edler.de\/blog\/2014\/06\/benutzungspflichtiger-parkplatz\/\">http:\/\/www.andreas-edler.de\/blog\/2014\/06\/benutzungspflichtiger-parkplatz\/<\/a>)<br \/>\n<br \/>\nSolange diese, seit Ende der 90er Jahre des vergangenen Jahrhunderts in der Stra\u00dfenverkehrsordnung bestehenden Regelung &#8222;Fahrr\u00e4der geh\u00f6ren auf die Fahrbahn&#8220;, jedoch nicht offensiv kommuniziert wird, solange die Lokalpresse &#8211; also sie &#8211; die tendenzi\u00f6sen Presseberichte der Polizei unrecherchiert und unreflektiert wortw\u00f6rtlich abdruckt, solange \u00e4ndert sich nichts. Ich &#8211; in diesem Fall spreche ich dann f\u00fcr die Gr\u00fcnen &#8211; moniere das seit fast 1 1\/2 Jahrzehnten und im Rat der Stadt seit nunmehr f\u00fcnf Jahren.<br \/>\n<br \/>\nEines der in unserem Wahlprogramm zur Kommunalwahl formulierten Ziele ist die Auszeichnung der Stadt Bad Oeynhausen mit dem Siegel &#8222;Fahrradfreundliche Stadt&#8220;. Bei der letzten Bewerbung ist Bad Oeynhausen &#8222;mit Pauken und Trompeten&#8220; abgeblitzt. Hauptkritikpunkt war mangelnder Wille in Rat und Verwaltung, weniger die infrastrukturelle Situation. Letztlich wurde die fehlende Kommunikation angemahnt. Ge\u00e4ndert hat sich seitdem leider extrem wenig.<br \/>\n<br \/>\n&#8222;Fahrradfreundlichkeit&#8220; ist keine ingenieurstechnische Leistung! Es ist im Wesentlichen ein Umdenken im Kopf aller Verkehrsteilnehmer. Dies kann nur stattfinden, wenn es durch entsprechende Kommunikation in den Medien angeregt wird. Leider beschr\u00e4nkt sich das in der Lokalpresse aktuell auf das erw\u00e4hnte Abdrucken der Polizei-Pressemeldungen und sporadische Werbung f\u00fcr den Fahrradhelm &#8211; welcher an der Situation f\u00fcr Fahrradfahrer im Stra\u00dfenverkehr leider *\u00fcberhaupt nichts* \u00e4ndert. Im Gegenteil!<br \/>\n<br \/>\nInsofern ist die wichtigere Frage (Interessiert mich als ADFC- und Gr\u00fcnen-Mitglied sehr!) eigentlich: Wie wollen Sie mit dem Anliegen und dem offenen Brief umgehen? Was wollen Sie in Zukunft \u00e4ndern, um die Berichterstattung zu dem Thema zu verbessern? Die entsprechenden Hinweise, was Sie \u00e4ndern m\u00fcssten, haben Sie in der Vergangenheit massenhaft von uns bekommen. Es hat sich was das angeht &#8211; leider &#8211; nichts ge\u00e4ndert! Aber auch hier gilt das oben geschriebene: Wir lassen da nicht locker!<br \/>\n<br \/>\nGerne k\u00f6nnen wir uns auch kurz treffen und die Sache besprechen. Ich bin ja den ganzen Tag in unmittelbarer N\u00e4he der NW-Redaktion und kann auch kurzfristig einen Termin machen.<br \/>\n<br \/>\nViele Gr\u00fc\u00dfe<br \/>\n<br \/>\nAndreas Edler<br \/>\n<br \/>\nPS.: Da ich nun soviel zu dem Thema geschrieben habe, werde ich das nat\u00fcrlich auch als Thesenartikel auf unserer\/meiner Seite ver\u00f6ffentlichen.<\/cite><\/p>\n","protected":false},"excerpt":{"rendered":"<p>Anfang Juni verschickte der ADFC an die Lokalpolitik einen offenen Brief, den wir auch sehr zeitnah beantwortet haben. Inzwischen gab es offensichtlich einen Vor-Ort-Termin [Anm.: Von dem ich nichts wusste und an dem ich somit auch nicht teilgenommen habe!] mit &hellip;<\/p>\n<p class=\"read-more\"> <a class=\"more-link\" href=\"https:\/\/www.andreas-edler.de\/blog\/2014\/06\/die-presse-fragt-zum-offenen-brief-wir-antworten\/\"> <span class=\"screen-reader-text\">Die Presse fragt zum Offenen Brief, wir antworten<\/span> Weiterlesen &raquo;<\/a><\/p>\n","protected":false},"author":1,"featured_media":0,"comment_status":"open","ping_status":"open","sticky":false,"template":"","format":"standard","meta":{"ngg_post_thumbnail":0,"activitypub_content_warning":"","activitypub_content_visibility":"","activitypub_max_image_attachments":2,"activitypub_interaction_policy_quote":"anyone","activitypub_status":"","footnotes":""},"categories":[14,15,45,13],"tags":[109,75,34,59],"class_list":["post-106909","post","type-post","status-publish","format-standard","hentry","category-bad-oeynhausen","category-fahrrad","category-politik","category-verkehr","tag-adfc","tag-grun","tag-kommunikation","tag-presse"],"share_on_mastodon":{"url":"","error":""},"_links":{"self":[{"href":"https:\/\/www.andreas-edler.de\/blog\/wp-json\/wp\/v2\/posts\/106909","targetHints":{"allow":["GET"]}}],"collection":[{"href":"https:\/\/www.andreas-edler.de\/blog\/wp-json\/wp\/v2\/posts"}],"about":[{"href":"https:\/\/www.andreas-edler.de\/blog\/wp-json\/wp\/v2\/types\/post"}],"author":[{"embeddable":true,"href":"https:\/\/www.andreas-edler.de\/blog\/wp-json\/wp\/v2\/users\/1"}],"replies":[{"embeddable":true,"href":"https:\/\/www.andreas-edler.de\/blog\/wp-json\/wp\/v2\/comments?post=106909"}],"version-history":[{"count":0,"href":"https:\/\/www.andreas-edler.de\/blog\/wp-json\/wp\/v2\/posts\/106909\/revisions"}],"wp:attachment":[{"href":"https:\/\/www.andreas-edler.de\/blog\/wp-json\/wp\/v2\/media?parent=106909"}],"wp:term":[{"taxonomy":"category","embeddable":true,"href":"https:\/\/www.andreas-edler.de\/blog\/wp-json\/wp\/v2\/categories?post=106909"},{"taxonomy":"post_tag","embeddable":true,"href":"https:\/\/www.andreas-edler.de\/blog\/wp-json\/wp\/v2\/tags?post=106909"}],"curies":[{"name":"wp","href":"https:\/\/api.w.org\/{rel}","templated":true}]}}