{"id":10674,"date":"2011-10-29T21:11:24","date_gmt":"2011-10-29T19:11:24","guid":{"rendered":"http:\/\/www.andreas-edler.de\/blog\/?p=10674"},"modified":"2011-10-29T21:11:24","modified_gmt":"2011-10-29T19:11:24","slug":"carport-aufbauen","status":"publish","type":"post","link":"https:\/\/www.andreas-edler.de\/blog\/2011\/10\/carport-aufbauen\/","title":{"rendered":"Carport aufbauen"},"content":{"rendered":"<p>Am Donnerstag sind wir angefangen den Carport aufzubauen. Ich habe f\u00fcr den Bau erstmals einen Handwerker beauftragt. Gut, einen Freund mit dem ich zur Schule gegangen bin und der inzwischen seinen Lebensunterhalt mit sowas verdient. Das Holz war ja schon in der letzten Woche geliefert und angepinselt worden und nun ging&#8217;s ans Aufstellen. <\/p>\n<p style=\"text-align:center;font-size: smaller;\"><img decoding=\"async\" src=\"http:\/\/www.andreas-edler.de\/grafik\/blog_2011\/20111029_carport_1.jpg\" width=\"470\" border=\"0\" alt=\"\" title=\"\"><\/p>\n<p> <!--more--> Als allererstes haben wir die Pfosten in die Schuhe gestellt, mit Schraubzwingen fixiert und dann ausgerichtet. Das ging super und ziemlich fix. <\/p>\n<p style=\"text-align:center;font-size: smaller;\"><img decoding=\"async\" src=\"http:\/\/www.andreas-edler.de\/grafik\/blog_2011\/20111029_carport_2.jpg\" width=\"470\" border=\"0\" alt=\"\" title=\"\"><\/p>\n<p> Danach wurden die Querbalken aufgelegt und ebenfalls fixiert. Gleichzeitig haben wir die Pfosten nach und nach verschraubt. Das ganze Konstrukt ist so nat\u00fcrlich noch sehr wackelig. Daher wurden Querstreben verwendet, die die Pfosten nach links und rechts am Umkippen hindern. <\/p>\n<p style=\"text-align:center;font-size: smaller;\"><img decoding=\"async\" src=\"http:\/\/www.andreas-edler.de\/grafik\/blog_2011\/20111029_carport_3.jpg\" width=\"470\" border=\"0\" alt=\"\" title=\"\"><\/p>\n<p> Am Haus wurde ein Pfosten mit in die Klinker geklebten Gewindestangen befestigt. 2 St\u00fcck reichen daf\u00fcr v\u00f6llig aus &#8211; wenn die Stangen gro\u00df genug sind. Die Tragebalken wurden mit dicken Schrauben rechts und links an die Pfosten geschraubt. Oben drauf haben wir dann die Sparren gelegt. Zun\u00e4chst nur lose drauf und danach mit langen, selbstschneidenden Schrauben von oben befestigt. <\/p>\n<p style=\"text-align:center;font-size: smaller;\"><img decoding=\"async\" src=\"http:\/\/www.andreas-edler.de\/grafik\/blog_2011\/20111029_carport_4.jpg\" width=\"470\" border=\"0\" alt=\"\" title=\"\"><\/p>\n<p> Danach sah der Bau schon aus wie ein Carport auszusehen hat :-) Ich mochte das wei\u00dfe Carport von Anfang an nicht so richtig. Die St\u00e4nder waren unten zu wuchtig und das blaue Dach war auch nicht nach meiner M\u00fctze. So gef\u00e4llt mir das gut. <\/p>\n<p style=\"text-align:center;font-size: smaller;\"><img decoding=\"async\" src=\"http:\/\/www.andreas-edler.de\/grafik\/blog_2011\/20111029_carport_5.jpg\" width=\"470\" border=\"0\" alt=\"\" title=\"\"><\/p>\n<p> F\u00fcr den ersten Tag sollte es das gewesen sein. Am n\u00e4chsten Morgen kam die n\u00e4chste Lieferung Material und das Dach konnte eingedeckt werden. Zumindest im Rohbau. Wir nehmen als Bedachung Trapezbleche. Unter diese Bleche kommt OSB-Platte, damit es etwas gef\u00e4lliger aussieht. Auf die Platten wird eine Dampffolie gelegt, damit Kondensat unter den Trapezblechen die OSB-Platten nicht zum Gammeln bringt. <\/p>\n<p style=\"text-align:center;font-size: smaller;\"><img decoding=\"async\" src=\"http:\/\/www.andreas-edler.de\/grafik\/blog_2011\/20111029_carport_6.jpg\" width=\"470\" border=\"0\" alt=\"\" title=\"\"><\/p>\n<p> Und danach war das Material f\u00fcr den Tag auch verbraucht. In der n\u00e4chsten Woche geht es weiter. F\u00fcr&#8217;s erste k\u00f6nnen wir aber ein Auto unterstellen. Bestens. Ich war dann noch im Praktiker und habe Leerrohre gekauft. Damit kann ich dann die Elektroinstallation im Carport anfangen &#8230; <\/p>\n<p style=\"text-align:center;font-size: smaller;\"><img decoding=\"async\" src=\"http:\/\/www.andreas-edler.de\/grafik\/blog_2011\/20111029_carport_7.jpg\" width=\"470\" border=\"0\" alt=\"\" title=\"\"><\/p>\n<p> Freue mich schon, wenn endlich alles fertig ist und wir mit dem Einr\u00e4umen anfangen k\u00f6nnen!<\/p>\n","protected":false},"excerpt":{"rendered":"<p>Am Donnerstag sind wir angefangen den Carport aufzubauen. Ich habe f\u00fcr den Bau erstmals einen Handwerker beauftragt. Gut, einen Freund mit dem ich zur Schule gegangen bin und der inzwischen seinen Lebensunterhalt mit sowas verdient. Das Holz war ja schon &hellip;<\/p>\n<p class=\"read-more\"> <a class=\"more-link\" href=\"https:\/\/www.andreas-edler.de\/blog\/2011\/10\/carport-aufbauen\/\"> <span class=\"screen-reader-text\">Carport aufbauen<\/span> Weiterlesen &raquo;<\/a><\/p>\n","protected":false},"author":1,"featured_media":0,"comment_status":"open","ping_status":"open","sticky":false,"template":"","format":"standard","meta":{"ngg_post_thumbnail":0,"activitypub_content_warning":"","activitypub_content_visibility":"","activitypub_max_image_attachments":2,"activitypub_interaction_policy_quote":"anyone","activitypub_status":"","footnotes":""},"categories":[22],"tags":[38],"class_list":["post-10674","post","type-post","status-publish","format-standard","hentry","category-basteln","tag-haus"],"share_on_mastodon":{"url":"","error":""},"_links":{"self":[{"href":"https:\/\/www.andreas-edler.de\/blog\/wp-json\/wp\/v2\/posts\/10674","targetHints":{"allow":["GET"]}}],"collection":[{"href":"https:\/\/www.andreas-edler.de\/blog\/wp-json\/wp\/v2\/posts"}],"about":[{"href":"https:\/\/www.andreas-edler.de\/blog\/wp-json\/wp\/v2\/types\/post"}],"author":[{"embeddable":true,"href":"https:\/\/www.andreas-edler.de\/blog\/wp-json\/wp\/v2\/users\/1"}],"replies":[{"embeddable":true,"href":"https:\/\/www.andreas-edler.de\/blog\/wp-json\/wp\/v2\/comments?post=10674"}],"version-history":[{"count":0,"href":"https:\/\/www.andreas-edler.de\/blog\/wp-json\/wp\/v2\/posts\/10674\/revisions"}],"wp:attachment":[{"href":"https:\/\/www.andreas-edler.de\/blog\/wp-json\/wp\/v2\/media?parent=10674"}],"wp:term":[{"taxonomy":"category","embeddable":true,"href":"https:\/\/www.andreas-edler.de\/blog\/wp-json\/wp\/v2\/categories?post=10674"},{"taxonomy":"post_tag","embeddable":true,"href":"https:\/\/www.andreas-edler.de\/blog\/wp-json\/wp\/v2\/tags?post=10674"}],"curies":[{"name":"wp","href":"https:\/\/api.w.org\/{rel}","templated":true}]}}