{"id":10653,"date":"2011-10-22T14:28:52","date_gmt":"2011-10-22T12:28:52","guid":{"rendered":"http:\/\/www.andreas-edler.de\/blog\/?p=10653"},"modified":"2011-10-22T14:29:48","modified_gmt":"2011-10-22T12:29:48","slug":"stutze","status":"publish","type":"post","link":"https:\/\/www.andreas-edler.de\/blog\/2011\/10\/stutze\/","title":{"rendered":"St\u00fctze"},"content":{"rendered":"<p>H\u00e4tten die Erbauer des Hauses bzw. die Handwerker die den Carport errichtet haben, sich an das gehalten, was im Bauplan steht, dann h\u00e4tte ich nicht eine zus\u00e4tzliche St\u00fctze einbetonieren m\u00fcssen. So habe ich eben mal 50 Zentimeter nach innen was Neues eingebaut. <\/p>\n<p style=\"text-align:center;font-size: smaller;\"><img decoding=\"async\" src=\"http:\/\/www.andreas-edler.de\/grafik\/blog_2011\/20111022_stuetze_1.jpg\" width=\"470\" border=\"0\" alt=\"\" title=\"\"><\/p>\n<p> Ich hatte mir gedacht, einfach ein paar Steine hoch zu nehmen, ein Loch zu buddeln und dann ein Vierkanteisen inkl. einem U-Halter einzubetonieren. Damit es genauso aussieht, wie bei den anderen Haltern. Leider scheiterte das daran, dass die Handwerker vor 20 Jahren mit Beton schon gro\u00dfz\u00fcgig waren und die Kantensteine ordentlich befestigt hatten. Na, dann bohre ich da doch einfach ein dickes Loch rein &#8230; dachte ich, bis ich feststellte, dass in dem Beton die Kunststoffabwasserrohre f\u00fcr die Carportdachentw\u00e4sserung liegen. Auch sch\u00f6n. Dann eben nicht so tief und daf\u00fcr etwas breiter. <\/p>\n<p style=\"text-align:center;font-size: smaller;\"><img decoding=\"async\" src=\"http:\/\/www.andreas-edler.de\/grafik\/blog_2011\/20111022_stuetze_2.jpg\" width=\"470\" border=\"0\" alt=\"\" title=\"\"><\/p>\n<p> Die Betonplatte unter den Kantensteinen ist ca. 40 Zentimeter breit und stabil. In einem kleinen Loch steckt darin nun die St\u00fctze des U-Profils und ist mit Beton sch\u00f6n fest gemacht &#8211; also wenn es trocken ist. Das h\u00e4lt.<\/p>\n<p>Und meinen Finger an der linken Hand kann ich n\u00e4chste Woche auch sicher wieder ohne Einschr\u00e4nkung benutzen. Im Moment puckert ziemlich von dem Schlag mit dem Hammer &#8230;<\/p>\n","protected":false},"excerpt":{"rendered":"<p>H\u00e4tten die Erbauer des Hauses bzw. die Handwerker die den Carport errichtet haben, sich an das gehalten, was im Bauplan steht, dann h\u00e4tte ich nicht eine zus\u00e4tzliche St\u00fctze einbetonieren m\u00fcssen. So habe ich eben mal 50 Zentimeter nach innen was &hellip;<\/p>\n<p class=\"read-more\"> <a class=\"more-link\" href=\"https:\/\/www.andreas-edler.de\/blog\/2011\/10\/stutze\/\"> <span class=\"screen-reader-text\">St\u00fctze<\/span> Weiterlesen &raquo;<\/a><\/p>\n","protected":false},"author":1,"featured_media":0,"comment_status":"open","ping_status":"open","sticky":false,"template":"","format":"standard","meta":{"ngg_post_thumbnail":0,"activitypub_content_warning":"","activitypub_content_visibility":"","activitypub_max_image_attachments":2,"activitypub_interaction_policy_quote":"anyone","activitypub_status":"","footnotes":""},"categories":[22],"tags":[38],"class_list":["post-10653","post","type-post","status-publish","format-standard","hentry","category-basteln","tag-haus"],"share_on_mastodon":{"url":"","error":""},"_links":{"self":[{"href":"https:\/\/www.andreas-edler.de\/blog\/wp-json\/wp\/v2\/posts\/10653","targetHints":{"allow":["GET"]}}],"collection":[{"href":"https:\/\/www.andreas-edler.de\/blog\/wp-json\/wp\/v2\/posts"}],"about":[{"href":"https:\/\/www.andreas-edler.de\/blog\/wp-json\/wp\/v2\/types\/post"}],"author":[{"embeddable":true,"href":"https:\/\/www.andreas-edler.de\/blog\/wp-json\/wp\/v2\/users\/1"}],"replies":[{"embeddable":true,"href":"https:\/\/www.andreas-edler.de\/blog\/wp-json\/wp\/v2\/comments?post=10653"}],"version-history":[{"count":0,"href":"https:\/\/www.andreas-edler.de\/blog\/wp-json\/wp\/v2\/posts\/10653\/revisions"}],"wp:attachment":[{"href":"https:\/\/www.andreas-edler.de\/blog\/wp-json\/wp\/v2\/media?parent=10653"}],"wp:term":[{"taxonomy":"category","embeddable":true,"href":"https:\/\/www.andreas-edler.de\/blog\/wp-json\/wp\/v2\/categories?post=10653"},{"taxonomy":"post_tag","embeddable":true,"href":"https:\/\/www.andreas-edler.de\/blog\/wp-json\/wp\/v2\/tags?post=10653"}],"curies":[{"name":"wp","href":"https:\/\/api.w.org\/{rel}","templated":true}]}}