{"id":10630,"date":"2011-10-17T16:19:12","date_gmt":"2011-10-17T14:19:12","guid":{"rendered":"http:\/\/www.andreas-edler.de\/blog\/?p=10630"},"modified":"2011-10-17T12:58:17","modified_gmt":"2011-10-17T10:58:17","slug":"kontrollen-fur-einen-sicheren-radverkehr","status":"publish","type":"post","link":"https:\/\/www.andreas-edler.de\/blog\/2011\/10\/kontrollen-fur-einen-sicheren-radverkehr\/","title":{"rendered":"Kontrollen f\u00fcr einen sicheren Radverkehr"},"content":{"rendered":"<p>Heute morgen hat sich die Polizei mal wieder um die Sicherheit der Radfahrer gek\u00fcmmert. An der Eidinghausener Stra\u00dfe hat sie die geisterfahrenden Radler ermahnt und auf den richtigen Weg gelenkt. Und ganz ehrlich, speziell diese Aktionen finde ich gut. Es nervt mich jeden Morgen kolossal, wenn mir die Leute auf meiner Spur entgegen kommen. Macht man doch mit dem Auto auch nicht. Hier mal deutlich zu werden, scheint mir genau richtig. Doof ist, wenn der Polizist dabei mitten auf dem Radweg steht und nicht auf die Leute achtet, die diesen korrekt befahren.<\/p>\n<p>Was aber nie, nie, nie kontrolliert und korrigiert wird ist, dass einem ebenso t\u00e4glich von Autofahrern an Einm\u00fcndungen die Vorfahrt genommen wird. Heute morgen zweimal auf 500 Meter. Jedesmal stand ein Fahrzeugf\u00fchrer quer \u00fcber den Radweg, weil die Eidinghausener Stra\u00dfe pickepackevoll war. Nat\u00fcrlich muss ich dann Verst\u00e4ndnis haben, wenn mir der Weg abgeschnitten wird. 2 Meter weiter hinten stehen, w\u00fcrde ja bedeuten sich <s>nicht sofort in den Stop &#038; Go Vekehr dr\u00e4ngeln zu k\u00f6nnen<\/s> 1\/10 Sekunde sp\u00e4ter einordnen zu k\u00f6nnen.<\/p>\n<p>Naja, w\u00e4re wohl zu viel verlangt, wenn sich die Polizei auch noch um das Problem k\u00fcmmern w\u00fcrde. Es ist jetzt ja l\u00e4nger dunkel, da kann man stattdessen sch\u00f6n Lichtkontrollen bei den Schulkindern machen und plakative Artikel in die Zeitung bringen. Heute morgen hatten gesch\u00e4tzte 80% \u00fcbrigens ihr Licht am Rad eingeschaltet &#8211; es war ja auch schon hell.<\/p>\n","protected":false},"excerpt":{"rendered":"<p>Heute morgen hat sich die Polizei mal wieder um die Sicherheit der Radfahrer gek\u00fcmmert. An der Eidinghausener Stra\u00dfe hat sie die geisterfahrenden Radler ermahnt und auf den richtigen Weg gelenkt. Und ganz ehrlich, speziell diese Aktionen finde ich gut. Es &hellip;<\/p>\n<p class=\"read-more\"> <a class=\"more-link\" href=\"https:\/\/www.andreas-edler.de\/blog\/2011\/10\/kontrollen-fur-einen-sicheren-radverkehr\/\"> <span class=\"screen-reader-text\">Kontrollen f\u00fcr einen sicheren Radverkehr<\/span> Weiterlesen &raquo;<\/a><\/p>\n","protected":false},"author":1,"featured_media":0,"comment_status":"open","ping_status":"open","sticky":false,"template":"","format":"standard","meta":{"ngg_post_thumbnail":0,"activitypub_content_warning":"","activitypub_content_visibility":"","activitypub_max_image_attachments":2,"activitypub_interaction_policy_quote":"anyone","activitypub_status":"","footnotes":""},"categories":[14,15,13],"tags":[37,76],"class_list":["post-10630","post","type-post","status-publish","format-standard","hentry","category-bad-oeynhausen","category-fahrrad","category-verkehr","tag-auto","tag-sicherheit"],"share_on_mastodon":{"url":"","error":""},"_links":{"self":[{"href":"https:\/\/www.andreas-edler.de\/blog\/wp-json\/wp\/v2\/posts\/10630","targetHints":{"allow":["GET"]}}],"collection":[{"href":"https:\/\/www.andreas-edler.de\/blog\/wp-json\/wp\/v2\/posts"}],"about":[{"href":"https:\/\/www.andreas-edler.de\/blog\/wp-json\/wp\/v2\/types\/post"}],"author":[{"embeddable":true,"href":"https:\/\/www.andreas-edler.de\/blog\/wp-json\/wp\/v2\/users\/1"}],"replies":[{"embeddable":true,"href":"https:\/\/www.andreas-edler.de\/blog\/wp-json\/wp\/v2\/comments?post=10630"}],"version-history":[{"count":0,"href":"https:\/\/www.andreas-edler.de\/blog\/wp-json\/wp\/v2\/posts\/10630\/revisions"}],"wp:attachment":[{"href":"https:\/\/www.andreas-edler.de\/blog\/wp-json\/wp\/v2\/media?parent=10630"}],"wp:term":[{"taxonomy":"category","embeddable":true,"href":"https:\/\/www.andreas-edler.de\/blog\/wp-json\/wp\/v2\/categories?post=10630"},{"taxonomy":"post_tag","embeddable":true,"href":"https:\/\/www.andreas-edler.de\/blog\/wp-json\/wp\/v2\/tags?post=10630"}],"curies":[{"name":"wp","href":"https:\/\/api.w.org\/{rel}","templated":true}]}}