{"id":10625,"date":"2011-10-16T16:59:58","date_gmt":"2011-10-16T14:59:58","guid":{"rendered":"http:\/\/www.andreas-edler.de\/blog\/?p=10625"},"modified":"2023-09-05T11:13:42","modified_gmt":"2023-09-05T09:13:42","slug":"vernunftige-fahren-hier-nicht-mit-dem-fahrrad","status":"publish","type":"post","link":"https:\/\/www.andreas-edler.de\/blog\/2011\/10\/vernunftige-fahren-hier-nicht-mit-dem-fahrrad\/","title":{"rendered":"Vern\u00fcnftige fahren hier nicht mit dem Fahrrad"},"content":{"rendered":"<p>Die Bad Oeynhausener Innenstadt begr\u00fc\u00dft den Fahrradfahrer mit einem netten Hinweisschild <cite>Vern\u00fcnftige fahren hier nicht mit dem Fahrrad, den anderen ist es verboten!<\/cite> Zehn Meter vorher wird mit riesigen Schildern auf den Beginn der Fu\u00dfg\u00e4ngerzone hingewiesen. Ohne die Angabe von Ausnahmen. Intelligente Menschen wissen dann, dass man dort nicht mit dem Rad fahren darf. Diese zus\u00e4tzliche s\u00fcffisante Begr\u00fc\u00dfung empfinde ich als unh\u00f6fliche Zurechtweisung. Ich habe das sogar schon in einer anderen Stadt gesehen und f\u00fchlte mich dort als Gast gleich willkommen! So macht man sich Freunde.<\/p>\n<p>Heute Vormittag stand ich insgesamt 4 Minuten an diesem Schild: <\/p>\n<p style=\"text-align:center;font-size: smaller;\"><img decoding=\"async\" src=\"http:\/\/www.andreas-edler.de\/grafik\/blog_2011\/20111016_vernuenftig_1.jpg\" width=\"470\" border=\"0\" alt=\"\" title=\"\"><\/p>\n<p> Die \u00e4ltere Dame, die aus dem BMW ausstieg, nachdem sie ihn vor der Deutschen Bank geparkt hatte, war noch sehr r\u00fcstig und gut zu Fu\u00df. <\/p>\n<p style=\"text-align:center;font-size: smaller;\"><img decoding=\"async\" src=\"http:\/\/www.andreas-edler.de\/grafik\/blog_2011\/20111016_vernuenftig_2.jpg\" width=\"470\" border=\"0\" alt=\"\" title=\"\"><\/p>\n<p> Der auch schon etwas gesetztere Fahrer des Cayenne hatte sich bei Finselbach mit Leckereien versorgt und kutschierte diese nun nach Hause. Auch er hat den Weg in der Klosterstra\u00dfe erstaunlich behende bew\u00e4ltigt. <\/p>\n<p style=\"text-align:center;font-size: smaller;\"><img decoding=\"async\" src=\"http:\/\/www.andreas-edler.de\/grafik\/blog_2011\/20111016_vernuenftig_3.jpg\" width=\"470\" border=\"0\" alt=\"\" title=\"\"><\/p>\n<p> Bei der Diakonie bin ich ja sogar geneigt &#8222;ein Auge zuzudr\u00fccken&#8220; obwohl der junge Mann ganz offensichtlich sehr gut zu Fu\u00df war und er auch hinter der Apotheke in der Paul-Baehr-Stra\u00dfe h\u00e4tte parken k\u00f6nnen. Dort kann man hin gelangen ohne durch eine Fu\u00dfg\u00e4ngerzone zu fahren. <\/p>\n<p style=\"text-align:center;font-size: smaller;\"><img decoding=\"async\" src=\"http:\/\/www.andreas-edler.de\/grafik\/blog_2011\/20111016_vernuenftig_4.jpg\" width=\"470\" border=\"0\" alt=\"\" title=\"\"><\/p>\n<p> Da f\u00e4hrt die alte Dame mit ihrem BMW zur\u00fcck, nachdem sie zwei Freundinnen eingeladen hat. <\/p>\n<p style=\"text-align:center;font-size: smaller;\"><img decoding=\"async\" src=\"http:\/\/www.andreas-edler.de\/grafik\/blog_2011\/20111016_vernuenftig_5.jpg\" width=\"470\" border=\"0\" alt=\"\" title=\"\"><\/p>\n<p> Ich mag ja den 944, nicht so gerne wie den 924, aber sch\u00f6n ist er schon. War auch in gutem Zustand. Genau wie sein Fahrer, der unter der gro\u00dfen Heckklappe ebenfalls eine T\u00fcte mit Sachen f\u00fcr den s\u00fc\u00dfen Zahn von Finselbach verstaut hatte und nun wohl nach Hause fuhr.<\/p>\n<p>Vier Minuten in einer Fu\u00dfg\u00e4ngerzone, in welcher Vern\u00fcnftige nicht mit dem Fahrrad fahren und es allen anderen verboten ist.<\/p>\n","protected":false},"excerpt":{"rendered":"<p>Die Bad Oeynhausener Innenstadt begr\u00fc\u00dft den Fahrradfahrer mit einem netten Hinweisschild Vern\u00fcnftige fahren hier nicht mit dem Fahrrad, den anderen ist es verboten! Zehn Meter vorher wird mit riesigen Schildern auf den Beginn der Fu\u00dfg\u00e4ngerzone hingewiesen. Ohne die Angabe von &hellip;<\/p>\n<p class=\"read-more\"> <a class=\"more-link\" href=\"https:\/\/www.andreas-edler.de\/blog\/2011\/10\/vernunftige-fahren-hier-nicht-mit-dem-fahrrad\/\"> <span class=\"screen-reader-text\">Vern\u00fcnftige fahren hier nicht mit dem Fahrrad<\/span> Weiterlesen &raquo;<\/a><\/p>\n","protected":false},"author":1,"featured_media":0,"comment_status":"open","ping_status":"open","sticky":false,"template":"","format":"standard","meta":{"ngg_post_thumbnail":0,"activitypub_content_warning":"","activitypub_content_visibility":"","activitypub_max_image_attachments":2,"activitypub_interaction_policy_quote":"anyone","activitypub_status":"","footnotes":""},"categories":[14,15,13],"tags":[37,63,240,205,168,584,342,71],"class_list":["post-10625","post","type-post","status-publish","format-standard","hentry","category-bad-oeynhausen","category-fahrrad","category-verkehr","tag-auto","tag-benehmen","tag-fussgaenger","tag-innenstadt","tag-klimafreundliche-mobilitaet","tag-paul-baehr-strasse","tag-portastrasse","tag-regeln"],"share_on_mastodon":{"url":"","error":""},"_links":{"self":[{"href":"https:\/\/www.andreas-edler.de\/blog\/wp-json\/wp\/v2\/posts\/10625","targetHints":{"allow":["GET"]}}],"collection":[{"href":"https:\/\/www.andreas-edler.de\/blog\/wp-json\/wp\/v2\/posts"}],"about":[{"href":"https:\/\/www.andreas-edler.de\/blog\/wp-json\/wp\/v2\/types\/post"}],"author":[{"embeddable":true,"href":"https:\/\/www.andreas-edler.de\/blog\/wp-json\/wp\/v2\/users\/1"}],"replies":[{"embeddable":true,"href":"https:\/\/www.andreas-edler.de\/blog\/wp-json\/wp\/v2\/comments?post=10625"}],"version-history":[{"count":0,"href":"https:\/\/www.andreas-edler.de\/blog\/wp-json\/wp\/v2\/posts\/10625\/revisions"}],"wp:attachment":[{"href":"https:\/\/www.andreas-edler.de\/blog\/wp-json\/wp\/v2\/media?parent=10625"}],"wp:term":[{"taxonomy":"category","embeddable":true,"href":"https:\/\/www.andreas-edler.de\/blog\/wp-json\/wp\/v2\/categories?post=10625"},{"taxonomy":"post_tag","embeddable":true,"href":"https:\/\/www.andreas-edler.de\/blog\/wp-json\/wp\/v2\/tags?post=10625"}],"curies":[{"name":"wp","href":"https:\/\/api.w.org\/{rel}","templated":true}]}}