{"id":10584,"date":"2011-10-09T20:20:28","date_gmt":"2011-10-09T18:20:28","guid":{"rendered":"http:\/\/www.andreas-edler.de\/blog\/?p=10584"},"modified":"2011-10-09T20:20:28","modified_gmt":"2011-10-09T18:20:28","slug":"radweg-an-der-eidinghausener-gesperrt","status":"publish","type":"post","link":"https:\/\/www.andreas-edler.de\/blog\/2011\/10\/radweg-an-der-eidinghausener-gesperrt\/","title":{"rendered":"Radweg an der Eidinghausener gesperrt?"},"content":{"rendered":"<p>Ich hatte <a href=\"http:\/\/www.andreas-edler.de\/blog\/2011\/09\/baustellenbeschilderung-eidinghausener-strase\/\">letztlich bereits bei der Verwaltung angemeckert<\/a>, dass die Absperrungen\/Hinweise zur Sperrung der Eidinghausener Stra\u00dfe nicht ganz optimal aufgestellt sind. Auf meine Mail hin wurde ich sogar angerufen und hatte eine nettes Gespr\u00e4ch. Ge\u00e4ndert hatte sich danach meinem Eindruck nach nichts. <\/p>\n<p>Und jetzt sehe ich, dass es wohl irgendjemandem zu umst\u00e4ndlich war, auf die Absperrungen auf der Fahrbahn zu achten und diese stehen komplett auf dem Radweg, der somit dort endg\u00fcltig nicht mehr benutzbar ist.<\/p>\n<p style=\"text-align:center;\"><img decoding=\"async\" src=\"http:\/\/www.andreas-edler.de\/grafik\/blog_2011\/20111009_absperrung.jpg\" width=\"470\" border=\"0\" alt=\"\" title=\"\"><\/p>\n<p> Was soll so ein Mist? Als Fahrradfahrer ist man ganz offensichtlich unerw\u00fcnscht. Als ich letzte Woche dieses Hindernis auf der Fahrbahn umfahren habe, wurde ich angehupt und geschnitten. Auf dem Gehweg darf ich verst\u00e4ndlicherweise nicht, weil ich dort Fu\u00dfg\u00e4nger gef\u00e4hrde. Liebe Verwaltung, wo soll ich an der Stelle mit dem Fahrrad entlang? Bitte eine begr\u00fcndete und der StVO entsprechende Antwort, danke!<\/p>\n","protected":false},"excerpt":{"rendered":"<p>Ich hatte letztlich bereits bei der Verwaltung angemeckert, dass die Absperrungen\/Hinweise zur Sperrung der Eidinghausener Stra\u00dfe nicht ganz optimal aufgestellt sind. Auf meine Mail hin wurde ich sogar angerufen und hatte eine nettes Gespr\u00e4ch. Ge\u00e4ndert hatte sich danach meinem Eindruck &hellip;<\/p>\n<p class=\"read-more\"> <a class=\"more-link\" href=\"https:\/\/www.andreas-edler.de\/blog\/2011\/10\/radweg-an-der-eidinghausener-gesperrt\/\"> <span class=\"screen-reader-text\">Radweg an der Eidinghausener gesperrt?<\/span> Weiterlesen &raquo;<\/a><\/p>\n","protected":false},"author":1,"featured_media":0,"comment_status":"open","ping_status":"open","sticky":false,"template":"","format":"standard","meta":{"ngg_post_thumbnail":0,"activitypub_content_warning":"","activitypub_content_visibility":"","activitypub_max_image_attachments":2,"activitypub_interaction_policy_quote":"anyone","activitypub_status":"","footnotes":""},"categories":[14,15,13],"tags":[37,76,72],"class_list":["post-10584","post","type-post","status-publish","format-standard","hentry","category-bad-oeynhausen","category-fahrrad","category-verkehr","tag-auto","tag-sicherheit","tag-verwaltung"],"share_on_mastodon":{"url":"","error":""},"_links":{"self":[{"href":"https:\/\/www.andreas-edler.de\/blog\/wp-json\/wp\/v2\/posts\/10584","targetHints":{"allow":["GET"]}}],"collection":[{"href":"https:\/\/www.andreas-edler.de\/blog\/wp-json\/wp\/v2\/posts"}],"about":[{"href":"https:\/\/www.andreas-edler.de\/blog\/wp-json\/wp\/v2\/types\/post"}],"author":[{"embeddable":true,"href":"https:\/\/www.andreas-edler.de\/blog\/wp-json\/wp\/v2\/users\/1"}],"replies":[{"embeddable":true,"href":"https:\/\/www.andreas-edler.de\/blog\/wp-json\/wp\/v2\/comments?post=10584"}],"version-history":[{"count":0,"href":"https:\/\/www.andreas-edler.de\/blog\/wp-json\/wp\/v2\/posts\/10584\/revisions"}],"wp:attachment":[{"href":"https:\/\/www.andreas-edler.de\/blog\/wp-json\/wp\/v2\/media?parent=10584"}],"wp:term":[{"taxonomy":"category","embeddable":true,"href":"https:\/\/www.andreas-edler.de\/blog\/wp-json\/wp\/v2\/categories?post=10584"},{"taxonomy":"post_tag","embeddable":true,"href":"https:\/\/www.andreas-edler.de\/blog\/wp-json\/wp\/v2\/tags?post=10584"}],"curies":[{"name":"wp","href":"https:\/\/api.w.org\/{rel}","templated":true}]}}