{"id":10575,"date":"2011-10-08T23:38:29","date_gmt":"2011-10-08T21:38:29","guid":{"rendered":"http:\/\/www.andreas-edler.de\/blog\/?p=10575"},"modified":"2011-12-20T21:06:00","modified_gmt":"2011-12-20T20:06:00","slug":"reste-sub-mivoc-am120-awm104","status":"publish","type":"post","link":"https:\/\/www.andreas-edler.de\/blog\/2011\/10\/reste-sub-mivoc-am120-awm104\/","title":{"rendered":"Reste-Sub aus Mivoc AM120 und AWM 104"},"content":{"rendered":"<p>Beim Aufr\u00e4umen kann man entweder weg schmei\u00dfen, oder anders nutzen. Ich habe mir 1988 oder so im Ratio ein kleines Sub-Sat-System gekauft. No-Name, aber trotzdem ertr\u00e4glich. Die beiden Satelliten werkeln schon seit Ewigkeiten als Rear-Lautsprecher in meinem kleinen Heimkino. Nachdem ich die Chassis gegen welche von Audax getauscht hatte, war das sehr ordentlich. Der Subwoofer dieses Systems, ein Bandpass, lag seitdem weitgehend ungenutzt in wechselnden Ecken &#8211; jedoch immer im Weg. Der sollte weg &#8230; und wird nun aber doch anders genutzt! Ein 10 Zoll Basschassis, ein Mivoc AM 120 &#8230; was man so braucht halt &#8230; lag hier auch noch rum. <\/p>\n<p style=\"text-align:center;\"><img decoding=\"async\" src=\"http:\/\/www.andreas-edler.de\/grafik\/blog_2011\/20111008_sub_1.jpg\" width=\"470\" border=\"0\" alt=\"\" title=\"\"><\/p>\n<p> Aus dem Bandpass-Woofer habe ich das Chassis raus operiert, war eh hin\u00fcber und kratzte nur noch. Die Trennwand habe ich mit dem Elektrofuchsschwanz ein bisschen modifiziert und in die Stirnwand, in welcher die Reflexrohre montiert waren, kommt das Aktivmodul. Ich hatte auch noch einen Satz Holzf\u00fc\u00dfe von einem Schrank rumliegen, die f\u00fcr den n\u00f6tigen Abstand zum Boden sorgen. Der Lautsprecher wird n\u00e4mlich nach unten zeigen, so dass man ihn genau wie beim Bandpass nicht sieht. <\/p>\n<p style=\"text-align:center;\"><img decoding=\"async\" src=\"http:\/\/www.andreas-edler.de\/grafik\/blog_2011\/20111008_sub_2.jpg\" width=\"470\" border=\"0\" alt=\"\" title=\"\"><\/p>\n<p> Funktioniert wie erwartet und macht Druck. Hatte ich aber auch mit gerechnet. Etwas weniger Volumen h\u00e4tte dem Chassis sicher gut getan, aber es funktioniert so auch. Der Sub steht nun im Wintergarten und wird von einem <a href=\"http:\/\/www.amazon.de\/gp\/product\/B002HU0KOM\/ref=as_li_ss_tl?ie=UTF8&#038;tag=filmfacts-21&#038;linkCode=as2&#038;camp=1638&#038;creative=19454&#038;creativeASIN=B002HU0KOM\">Kama Bay Amplifier SDA-1000<\/a> angetrieben. Dieser kleine Verst\u00e4rker ist wirklich ganz erstaunlich und ich habe nie bereut, ihn gekauft zu haben! Ich leite das Lautsprechersignal in den Mivoc AM120, dieses trennt die Satelliten ab und entlastet sie vom Bass. Das danken die aus der alten Telefunken Musiktruhe ausgebauten Chassis mit deutlich weniger Verzerrungen und einer h\u00f6heren Belastbarkeit. F\u00fcr den Wintergarten deutlich mehr als ausreichend.<\/p>\n","protected":false},"excerpt":{"rendered":"<p>Beim Aufr\u00e4umen kann man entweder weg schmei\u00dfen, oder anders nutzen. Ich habe mir 1988 oder so im Ratio ein kleines Sub-Sat-System gekauft. No-Name, aber trotzdem ertr\u00e4glich. Die beiden Satelliten werkeln schon seit Ewigkeiten als Rear-Lautsprecher in meinem kleinen Heimkino. Nachdem &hellip;<\/p>\n<p class=\"read-more\"> <a class=\"more-link\" href=\"https:\/\/www.andreas-edler.de\/blog\/2011\/10\/reste-sub-mivoc-am120-awm104\/\"> <span class=\"screen-reader-text\">Reste-Sub aus Mivoc AM120 und AWM 104<\/span> Weiterlesen &raquo;<\/a><\/p>\n","protected":false},"author":1,"featured_media":0,"comment_status":"open","ping_status":"open","sticky":false,"template":"","format":"standard","meta":{"ngg_post_thumbnail":0,"activitypub_content_warning":"","activitypub_content_visibility":"","activitypub_max_image_attachments":2,"activitypub_interaction_policy_quote":"anyone","activitypub_status":"","footnotes":""},"categories":[22],"tags":[95,29],"class_list":["post-10575","post","type-post","status-publish","format-standard","hentry","category-basteln","tag-heimkino","tag-musik"],"share_on_mastodon":{"url":"","error":""},"_links":{"self":[{"href":"https:\/\/www.andreas-edler.de\/blog\/wp-json\/wp\/v2\/posts\/10575","targetHints":{"allow":["GET"]}}],"collection":[{"href":"https:\/\/www.andreas-edler.de\/blog\/wp-json\/wp\/v2\/posts"}],"about":[{"href":"https:\/\/www.andreas-edler.de\/blog\/wp-json\/wp\/v2\/types\/post"}],"author":[{"embeddable":true,"href":"https:\/\/www.andreas-edler.de\/blog\/wp-json\/wp\/v2\/users\/1"}],"replies":[{"embeddable":true,"href":"https:\/\/www.andreas-edler.de\/blog\/wp-json\/wp\/v2\/comments?post=10575"}],"version-history":[{"count":0,"href":"https:\/\/www.andreas-edler.de\/blog\/wp-json\/wp\/v2\/posts\/10575\/revisions"}],"wp:attachment":[{"href":"https:\/\/www.andreas-edler.de\/blog\/wp-json\/wp\/v2\/media?parent=10575"}],"wp:term":[{"taxonomy":"category","embeddable":true,"href":"https:\/\/www.andreas-edler.de\/blog\/wp-json\/wp\/v2\/categories?post=10575"},{"taxonomy":"post_tag","embeddable":true,"href":"https:\/\/www.andreas-edler.de\/blog\/wp-json\/wp\/v2\/tags?post=10575"}],"curies":[{"name":"wp","href":"https:\/\/api.w.org\/{rel}","templated":true}]}}