{"id":10557,"date":"2011-10-04T19:58:24","date_gmt":"2011-10-04T17:58:24","guid":{"rendered":"http:\/\/www.andreas-edler.de\/blog\/?p=10557"},"modified":"2013-11-02T14:45:00","modified_gmt":"2013-11-02T13:45:00","slug":"solartastatur-update","status":"publish","type":"post","link":"https:\/\/www.andreas-edler.de\/blog\/2011\/10\/solartastatur-update\/","title":{"rendered":"Solartastatur-Update"},"content":{"rendered":"<div class=\"bild\" style=\"font-size: smaller;\"><iframe src=\"http:\/\/rcm-de.amazon.de\/e\/cm?lt1=_blank&#038;bc1=000000&#038;IS2=1&#038;nou=1&#038;bg1=FFFFFF&#038;fc1=000000&#038;lc1=0000FF&#038;t=filmfacts-21&#038;o=3&#038;p=8&#038;l=as4&#038;m=amazon&#038;f=ifr&#038;ref=ss_til&#038;asins=B004AE39NM\" style=\"width:120px;height:240px;\" scrolling=\"no\" marginwidth=\"0\" marginheight=\"0\" frameborder=\"0\"><\/iframe><\/div>\n<p> Ich habe mir im Sommer die <a href=\"http:\/\/www.andreas-edler.de\/blog\/2011\/06\/logitech-k750\/\">Logitech K750 Solartastatur gekauft<\/a> und nach 4 Monaten kann ich vielleicht mal schreiben, wie ich das Ding nun nach l\u00e4ngerer Zeit Benutzung finde.<\/p>\n<p>Kurz: Super! Ich \u00fcberlegen, ob ich mir das Ding auch f\u00fcr&#8217;s B\u00fcro zulege und nicht mehr mit den Beilegtastaturen der PCs tippe. Die K750 f\u00fchlt sich spitze an und hat ein ganz ausgezeichnetes Anschlagverhalten. Die gro\u00dfen Zwischenr\u00e4ume zwischen den Tasten erleichtern sogar mir 10-Finger-Legastheniker blindes Schreiben mit 3 bis 4 Fingern. Und die Solarfunktion tut pr\u00e4chtig und unauff\u00e4llig ihren Dienst. Wenn ich mal zum Spa\u00df die kleine Solar-App aufrufe, um mich \u00fcber den Ladezustand des Akkus zu informieren, dann ist der immer bei 100%.<\/p>\n<p>Zu allem \u00dcberfluss sieht das Ding klasse aus und kein Kabel st\u00f6rt die Unordnung auf dem Schreibtisch. Ein einziger Wermutstropfen tr\u00fcbt die Begeisterung: wenn man die Tastatur mit den kleinen St\u00fctzen anwinkelt, dann hat der mittlere der 3 kleinen Gumminupsis am Tastaturr\u00fccken keinen Kontakt zum Schreibtisch mehr und es klappert ein klein wenig beim Tippen. Liegt die Tastatur flach auf dem Schreibtisch ist das weg und man h\u00f6rt nur das Klackern der Tasten. Allerdings musste ich mich an so eine flach liegende Tastatur erstmal gew\u00f6hnen. Beim Laptop ist das aber auch nicht anders.<\/p>\n<p>Bin jedenfalls immer noch hochzufrieden mit dem Ger\u00e4t!<\/p>\n","protected":false},"excerpt":{"rendered":"<p>Ich habe mir im Sommer die Logitech K750 Solartastatur gekauft und nach 4 Monaten kann ich vielleicht mal schreiben, wie ich das Ding nun nach l\u00e4ngerer Zeit Benutzung finde. Kurz: Super! Ich \u00fcberlegen, ob ich mir das Ding auch f\u00fcr&#8217;s &hellip;<\/p>\n<p class=\"read-more\"> <a class=\"more-link\" href=\"https:\/\/www.andreas-edler.de\/blog\/2011\/10\/solartastatur-update\/\"> <span class=\"screen-reader-text\">Solartastatur-Update<\/span> Weiterlesen &raquo;<\/a><\/p>\n","protected":false},"author":1,"featured_media":0,"comment_status":"open","ping_status":"open","sticky":false,"template":"","format":"standard","meta":{"ngg_post_thumbnail":0,"activitypub_content_warning":"","activitypub_content_visibility":"","activitypub_max_image_attachments":2,"activitypub_interaction_policy_quote":"anyone","activitypub_status":"","footnotes":""},"categories":[1],"tags":[24,49,28],"class_list":["post-10557","post","type-post","status-publish","format-standard","hentry","category-allgemein","tag-computer","tag-hardware","tag-test"],"share_on_mastodon":{"url":"","error":""},"_links":{"self":[{"href":"https:\/\/www.andreas-edler.de\/blog\/wp-json\/wp\/v2\/posts\/10557","targetHints":{"allow":["GET"]}}],"collection":[{"href":"https:\/\/www.andreas-edler.de\/blog\/wp-json\/wp\/v2\/posts"}],"about":[{"href":"https:\/\/www.andreas-edler.de\/blog\/wp-json\/wp\/v2\/types\/post"}],"author":[{"embeddable":true,"href":"https:\/\/www.andreas-edler.de\/blog\/wp-json\/wp\/v2\/users\/1"}],"replies":[{"embeddable":true,"href":"https:\/\/www.andreas-edler.de\/blog\/wp-json\/wp\/v2\/comments?post=10557"}],"version-history":[{"count":0,"href":"https:\/\/www.andreas-edler.de\/blog\/wp-json\/wp\/v2\/posts\/10557\/revisions"}],"wp:attachment":[{"href":"https:\/\/www.andreas-edler.de\/blog\/wp-json\/wp\/v2\/media?parent=10557"}],"wp:term":[{"taxonomy":"category","embeddable":true,"href":"https:\/\/www.andreas-edler.de\/blog\/wp-json\/wp\/v2\/categories?post=10557"},{"taxonomy":"post_tag","embeddable":true,"href":"https:\/\/www.andreas-edler.de\/blog\/wp-json\/wp\/v2\/tags?post=10557"}],"curies":[{"name":"wp","href":"https:\/\/api.w.org\/{rel}","templated":true}]}}