{"id":10512,"date":"2011-09-25T19:56:21","date_gmt":"2011-09-25T17:56:21","guid":{"rendered":"http:\/\/www.andreas-edler.de\/blog\/?p=10512"},"modified":"2011-09-25T19:56:35","modified_gmt":"2011-09-25T17:56:35","slug":"fruhherbsttag","status":"publish","type":"post","link":"https:\/\/www.andreas-edler.de\/blog\/2011\/09\/fruhherbsttag\/","title":{"rendered":"Fr\u00fchherbsttag"},"content":{"rendered":"<p>Seit heute morgen um 10 Uhr sitze ich an einer Webseite f\u00fcr ein kleines Unternehmen. Muss dringend fertig werden &#8230; scheint aber auch zu klappen. Aber das bei bestem Wetter zu machen nervt ganz sch\u00f6n, nur habe ich echt anderweitig keine Zeit. Sei&#8217;s drum, als der Kopf immer mehr anfing zu brummen, musste ich raus. Bin die Runde bis zur Porta und zur\u00fcck. Der Weserradweg war proppenvoll und viele der Leute bewegen sich offensichtlich nciht oft auf Wegen mit andern Leuten. Ausweichen oder Platz machen war nicht \u00fcblich. Und ich bin sehr zur\u00fcckhaltend gewesen. Habe rechtzeitig geklingelt, bin langsam gefahren und auch mal ein paar dutzend Meter hinter einer Grupper her gefahren, wenn Gegenverkehr war.<\/p>\n<p>Den Vogel abgeschossen hat ein Hundehalter, der in einer Gruppe Gleichgesinnter unterwegs war. Ausnahmsweise sogar mal mit angeleinten Tieren. Ich habe von Ferne geklingelt, weil die 4 wirklich den Weg in voller Breite versperrten. Keine Reaktion. Nochmal geklingelt und noch n\u00e4her nochmal. Da sind dann 3 von 4 an die Seite gegangen. Nur ein Vollhonk blieb mitten im Weg stehen und ich musste eine Vollbremsung machen. Auf meine Frage, ob er noch alle Tassen im Schrank h\u00e4tte, faselte er was von R\u00fccksicht und Respekt. Ja, richtig, das fehlte ihm v\u00f6llig. Penner!<\/p>\n<p>Ansonsten war&#8217;s wundersch\u00f6n! Warm, wenig Wind und sch\u00f6ne Luft &#8211; Kopfschmerzen habe ich trotzdem. Bin dann zum ersten Mal \u00fcber die neue Borstenbachbr\u00fccke gefahren. Yo, ist eine Br\u00fccke. Unspektakul\u00e4r. Bei der Sperrzeit hat sich keiner der Beteiligten mit Ruhm bekleckert, hoffen wir dass sie lange erhalten bleibt. <\/p>\n<p style=\"text-align:center;font-size: smaller;\"><img decoding=\"async\" src=\"http:\/\/www.andreas-edler.de\/grafik\/blog_2011\/20110925_borstenbachbruecke.jpg\" width=\"470\" border=\"0\" alt=\"\" title=\"\"><\/p>\n<p> Hernach bin ich noch auf der Nordumgehungstrasse unterwegs gewesen. Die Br\u00fccke in Rehme kann gequert werden &#8211; wenn man sich traut \u00fcber den Zaun zu klettern ;-) Ich habe davon Abstand genommen und nur von Ferne geschaut. <\/p>\n<p style=\"text-align:center;font-size: smaller;\"><img decoding=\"async\" src=\"http:\/\/www.andreas-edler.de\/grafik\/blog_2011\/20110925_rehmer_werrebruecke.jpg\" width=\"470\" border=\"0\" alt=\"\" title=\"\"><\/p>\n<p> Am Alten Postweg ging&#8217;s weiter. Dort bin ich auf die L\u00e4rmschutzw\u00e4nde rauf, habe noch Arbeitskollegen getroffen und allerlei andere Baustellenbesucher bevor ich mir die Trasse selbst angeschaut habe. Wenn Theilemanns Busch nicht w\u00e4re, h\u00e4tten wir da eine riesig lange, gerade Schneise. So wie es jetzt ist, kann man das gar nicht in G\u00e4nze sehen. <\/p>\n<p style=\"text-align:center;font-size: smaller;\"><img decoding=\"async\" src=\"http:\/\/www.andreas-edler.de\/grafik\/blog_2011\/20110925_bruecke_dehmer_spange.jpg\" width=\"470\" border=\"0\" alt=\"\" title=\"\"><\/p>\n<p> Und jetzt habe ich erstmal eine Sumatriptan genommen und bastel noch ein bisschen an der Firmenwebseite. Die muss ja fertig werden.<\/p>\n<p>29 Km | 21,4 Km\/h Schnitt | 49 Km\/h max. | 120 H\u00f6henmeter<\/p>\n","protected":false},"excerpt":{"rendered":"<p>Seit heute morgen um 10 Uhr sitze ich an einer Webseite f\u00fcr ein kleines Unternehmen. Muss dringend fertig werden &#8230; scheint aber auch zu klappen. Aber das bei bestem Wetter zu machen nervt ganz sch\u00f6n, nur habe ich echt anderweitig &hellip;<\/p>\n<p class=\"read-more\"> <a class=\"more-link\" href=\"https:\/\/www.andreas-edler.de\/blog\/2011\/09\/fruhherbsttag\/\"> <span class=\"screen-reader-text\">Fr\u00fchherbsttag<\/span> Weiterlesen &raquo;<\/a><\/p>\n","protected":false},"author":1,"featured_media":0,"comment_status":"open","ping_status":"open","sticky":false,"template":"","format":"standard","meta":{"ngg_post_thumbnail":0,"activitypub_content_warning":"","activitypub_content_visibility":"","activitypub_max_image_attachments":2,"activitypub_interaction_policy_quote":"anyone","activitypub_status":"","footnotes":""},"categories":[14,15],"tags":[10,35],"class_list":["post-10512","post","type-post","status-publish","format-standard","hentry","category-bad-oeynhausen","category-fahrrad","tag-kopfschmerzen","tag-nordumgehung"],"share_on_mastodon":{"url":"","error":""},"_links":{"self":[{"href":"https:\/\/www.andreas-edler.de\/blog\/wp-json\/wp\/v2\/posts\/10512","targetHints":{"allow":["GET"]}}],"collection":[{"href":"https:\/\/www.andreas-edler.de\/blog\/wp-json\/wp\/v2\/posts"}],"about":[{"href":"https:\/\/www.andreas-edler.de\/blog\/wp-json\/wp\/v2\/types\/post"}],"author":[{"embeddable":true,"href":"https:\/\/www.andreas-edler.de\/blog\/wp-json\/wp\/v2\/users\/1"}],"replies":[{"embeddable":true,"href":"https:\/\/www.andreas-edler.de\/blog\/wp-json\/wp\/v2\/comments?post=10512"}],"version-history":[{"count":0,"href":"https:\/\/www.andreas-edler.de\/blog\/wp-json\/wp\/v2\/posts\/10512\/revisions"}],"wp:attachment":[{"href":"https:\/\/www.andreas-edler.de\/blog\/wp-json\/wp\/v2\/media?parent=10512"}],"wp:term":[{"taxonomy":"category","embeddable":true,"href":"https:\/\/www.andreas-edler.de\/blog\/wp-json\/wp\/v2\/categories?post=10512"},{"taxonomy":"post_tag","embeddable":true,"href":"https:\/\/www.andreas-edler.de\/blog\/wp-json\/wp\/v2\/tags?post=10512"}],"curies":[{"name":"wp","href":"https:\/\/api.w.org\/{rel}","templated":true}]}}