{"id":10508,"date":"2011-09-24T23:32:31","date_gmt":"2011-09-24T21:32:31","guid":{"rendered":"http:\/\/www.andreas-edler.de\/blog\/?p=10508"},"modified":"2013-11-02T14:45:00","modified_gmt":"2013-11-02T13:45:00","slug":"zweiter-schnitt-2","status":"publish","type":"post","link":"https:\/\/www.andreas-edler.de\/blog\/2011\/09\/zweiter-schnitt-2\/","title":{"rendered":"Zweiter Schnitt"},"content":{"rendered":"<p>Nachdem ich heute morgen 2 volle H\u00e4nger M\u00fcll entsorgt hatte und danach die Pfosten f\u00fcr das Carport mit der Flex auf die ben\u00f6tigte L\u00e4nge gek\u00fcrzt hatte, rief auch schon meine Schwester an und fragte, ob ich beim Heu aufstecken helfen k\u00f6nnte. Klar, mache ich hier eben Feierabend. Tim hatte Besuch von einem Kumpel &#8211; den haben wir dann kurzerhand mit eingesackt! <\/p>\n<p style=\"text-align:center;font-size: smaller;\"><img decoding=\"async\" src=\"http:\/\/www.andreas-edler.de\/grafik\/blog_2011\/20110924_presse.jpg\" width=\"470\" border=\"0\" alt=\"\" title=\"\"><\/p>\n<p> Die beiden hatten auch ihren Spa\u00df glaube ich. W\u00e4hrend wir die &#8211; deutlich schwereren als im Sommer &#8211; Bunde auf den H\u00e4nger geschmissen haben, tollten die beiden \u00fcber die Wiese oder lie\u00dfen sich hoch oben auf dem Heu spazieren fahren. Soviel Gras ist im Sp\u00e4tsommer\/Herbst nicht mehr auf der Wiese, aber wir haben gut die H\u00e4lfte eingefahren und das waren schon \u00fcber 140 Bunde. <\/p>\n<p style=\"text-align:center;font-size: smaller;\"><img decoding=\"async\" src=\"http:\/\/www.andreas-edler.de\/grafik\/blog_2011\/20110924_aufstecken.jpg\" width=\"470\" border=\"0\" alt=\"\" title=\"\"><\/p>\n<p> Danach noch schnell abladen und die Ballen auf dem Heuboden stapeln. Und das alles nur f\u00fcr die ollen Pferde ;-) <\/p>\n<p style=\"text-align:center;font-size: smaller;\"><img decoding=\"async\" src=\"http:\/\/www.andreas-edler.de\/grafik\/blog_2011\/20110924_haenger_voll.jpg\" width=\"470\" border=\"0\" alt=\"\" title=\"\"><\/p>\n<p> Der Rest der jetzt noch auf der Wiese liegt, wird morgen gepresst. Der wird dann aber von einer Bekannten meiner Schwester abgeholt. <\/p>\n","protected":false},"excerpt":{"rendered":"<p>Nachdem ich heute morgen 2 volle H\u00e4nger M\u00fcll entsorgt hatte und danach die Pfosten f\u00fcr das Carport mit der Flex auf die ben\u00f6tigte L\u00e4nge gek\u00fcrzt hatte, rief auch schon meine Schwester an und fragte, ob ich beim Heu aufstecken helfen &hellip;<\/p>\n<p class=\"read-more\"> <a class=\"more-link\" href=\"https:\/\/www.andreas-edler.de\/blog\/2011\/09\/zweiter-schnitt-2\/\"> <span class=\"screen-reader-text\">Zweiter Schnitt<\/span> Weiterlesen &raquo;<\/a><\/p>\n","protected":false},"author":1,"featured_media":0,"comment_status":"open","ping_status":"open","sticky":false,"template":"","format":"standard","meta":{"ngg_post_thumbnail":0,"activitypub_content_warning":"","activitypub_content_visibility":"","activitypub_max_image_attachments":2,"activitypub_interaction_policy_quote":"anyone","activitypub_status":"","footnotes":""},"categories":[1],"tags":[48,5],"class_list":["post-10508","post","type-post","status-publish","format-standard","hentry","category-allgemein","tag-arbeit","tag-unterwegs"],"share_on_mastodon":{"url":"","error":""},"_links":{"self":[{"href":"https:\/\/www.andreas-edler.de\/blog\/wp-json\/wp\/v2\/posts\/10508","targetHints":{"allow":["GET"]}}],"collection":[{"href":"https:\/\/www.andreas-edler.de\/blog\/wp-json\/wp\/v2\/posts"}],"about":[{"href":"https:\/\/www.andreas-edler.de\/blog\/wp-json\/wp\/v2\/types\/post"}],"author":[{"embeddable":true,"href":"https:\/\/www.andreas-edler.de\/blog\/wp-json\/wp\/v2\/users\/1"}],"replies":[{"embeddable":true,"href":"https:\/\/www.andreas-edler.de\/blog\/wp-json\/wp\/v2\/comments?post=10508"}],"version-history":[{"count":0,"href":"https:\/\/www.andreas-edler.de\/blog\/wp-json\/wp\/v2\/posts\/10508\/revisions"}],"wp:attachment":[{"href":"https:\/\/www.andreas-edler.de\/blog\/wp-json\/wp\/v2\/media?parent=10508"}],"wp:term":[{"taxonomy":"category","embeddable":true,"href":"https:\/\/www.andreas-edler.de\/blog\/wp-json\/wp\/v2\/categories?post=10508"},{"taxonomy":"post_tag","embeddable":true,"href":"https:\/\/www.andreas-edler.de\/blog\/wp-json\/wp\/v2\/tags?post=10508"}],"curies":[{"name":"wp","href":"https:\/\/api.w.org\/{rel}","templated":true}]}}