{"id":10490,"date":"2011-09-19T17:41:55","date_gmt":"2011-09-19T15:41:55","guid":{"rendered":"http:\/\/www.andreas-edler.de\/blog\/?p=10490"},"modified":"2011-09-19T17:41:55","modified_gmt":"2011-09-19T15:41:55","slug":"auf-dem-arbeitsweg","status":"publish","type":"post","link":"https:\/\/www.andreas-edler.de\/blog\/2011\/09\/auf-dem-arbeitsweg\/","title":{"rendered":"Auf dem Arbeitsweg"},"content":{"rendered":"<p>Letztlich hat es <a href=\"http:\/\/www.andreas-edler.de\/blog\/2011\/08\/unaufmerksamer-autofahrer-mal-wieder\/\">an der Jet-Tankstelle eine Radlerin erwischt<\/a> und ich schrieb dazu auch, dass es mir bereits mehrfach \u00e4hnlich ging. Heute morgen dann wieder. Ein v\u00f6llig schmerzfreier Omegafahrer zieht direkt vor mir \u00fcber den Radweg und bleibt derart in der Einfahrt der Tanke stehen, dass die Anh\u00e4ngerkupplung noch auf den Radweg ragt. Zum einen hat mich nur eine Vollbremsung davor bewahrt in die Seite des Opels zu rasseln und zum anderen musste ich heftig schlenkern, um der Anh\u00e4ngerkupplung auszuweichen. Vollhonk!<\/p>\n<p>An der Einm\u00fcndung &#8218;Zum Friedhof&#8216; in die &#8218;Eidinghausener Stra\u00dfe&#8216; hielt ein Touaregfahrer sein Vehikel mitten auf dem Radweg und schaute mir beim N\u00e4herkommen zu. Hinter ihm war niemand, aber es w\u00e4re wahrscheinlich trotzdem zuviel Spritverbrauch gewesen, mir meine Vorfahrt zu gew\u00e4hren und einen Meter zur\u00fcck zu setzen. Ist klar, habe ich Verst\u00e4ndnis f\u00fcr. Ich schlenker&#8216; gerne durch die Gegend.<\/p>\n<p>Auch f\u00fcr den Fahrer des Vans, der quer auf dem Radweg der Eidinghausener stand w\u00e4hrend er aus der &#8218;Werrestra\u00dfe&#8216; abbiegen wollte. Auch er beobachtete mich beim N\u00e4herkommen, auch er h\u00e4tte gut einen Meter zur\u00fccksetzen k\u00f6nnen. Leider interpretierte er mein mi\u00dfmutiges Kopfsch\u00fctteln offensichtlich als Geste, das ich ihm netterweise die Vorfahrt lassen wollte. Er fuhr in dem Augenblick an, als ich gerade vor seiner Front her wollte. Gut gemacht, Junge! Klar h\u00e4tte ich Dir die Vorfahrt lassen k\u00f6nnen, aber machst DU das auch f\u00fcr mich? Ganz offensichtlich nicht, Du nimmst sie mir sogar! Und da soll ich h\u00f6flich sein?!<\/p>\n<p>Das Traurige ist, dass alle diese Autofahrer sich v\u00f6llig im Recht w\u00e4hnten, keinerlei Bewusstsein f\u00fcr ihr Fehlverhalten haben und alle unwirsch auf mein Kopfsch\u00fctteln reagierten. Und da sollen noch mehr Radverkehr(t)anlagen gebaut werden? Bullshit!<\/p>\n","protected":false},"excerpt":{"rendered":"<p>Letztlich hat es an der Jet-Tankstelle eine Radlerin erwischt und ich schrieb dazu auch, dass es mir bereits mehrfach \u00e4hnlich ging. Heute morgen dann wieder. Ein v\u00f6llig schmerzfreier Omegafahrer zieht direkt vor mir \u00fcber den Radweg und bleibt derart in &hellip;<\/p>\n<p class=\"read-more\"> <a class=\"more-link\" href=\"https:\/\/www.andreas-edler.de\/blog\/2011\/09\/auf-dem-arbeitsweg\/\"> <span class=\"screen-reader-text\">Auf dem Arbeitsweg<\/span> Weiterlesen &raquo;<\/a><\/p>\n","protected":false},"author":1,"featured_media":0,"comment_status":"open","ping_status":"open","sticky":false,"template":"","format":"standard","meta":{"ngg_post_thumbnail":0,"activitypub_content_warning":"","activitypub_content_visibility":"","activitypub_max_image_attachments":2,"activitypub_interaction_policy_quote":"anyone","activitypub_status":"","footnotes":""},"categories":[14,15,13],"tags":[17,37,63],"class_list":["post-10490","post","type-post","status-publish","format-standard","hentry","category-bad-oeynhausen","category-fahrrad","category-verkehr","tag-auf-der-piste","tag-auto","tag-benehmen"],"share_on_mastodon":{"url":"","error":""},"_links":{"self":[{"href":"https:\/\/www.andreas-edler.de\/blog\/wp-json\/wp\/v2\/posts\/10490","targetHints":{"allow":["GET"]}}],"collection":[{"href":"https:\/\/www.andreas-edler.de\/blog\/wp-json\/wp\/v2\/posts"}],"about":[{"href":"https:\/\/www.andreas-edler.de\/blog\/wp-json\/wp\/v2\/types\/post"}],"author":[{"embeddable":true,"href":"https:\/\/www.andreas-edler.de\/blog\/wp-json\/wp\/v2\/users\/1"}],"replies":[{"embeddable":true,"href":"https:\/\/www.andreas-edler.de\/blog\/wp-json\/wp\/v2\/comments?post=10490"}],"version-history":[{"count":0,"href":"https:\/\/www.andreas-edler.de\/blog\/wp-json\/wp\/v2\/posts\/10490\/revisions"}],"wp:attachment":[{"href":"https:\/\/www.andreas-edler.de\/blog\/wp-json\/wp\/v2\/media?parent=10490"}],"wp:term":[{"taxonomy":"category","embeddable":true,"href":"https:\/\/www.andreas-edler.de\/blog\/wp-json\/wp\/v2\/categories?post=10490"},{"taxonomy":"post_tag","embeddable":true,"href":"https:\/\/www.andreas-edler.de\/blog\/wp-json\/wp\/v2\/tags?post=10490"}],"curies":[{"name":"wp","href":"https:\/\/api.w.org\/{rel}","templated":true}]}}