{"id":10476,"date":"2011-09-14T19:11:58","date_gmt":"2011-09-14T17:11:58","guid":{"rendered":"http:\/\/www.andreas-edler.de\/blog\/?p=10476"},"modified":"2011-09-14T19:11:58","modified_gmt":"2011-09-14T17:11:58","slug":"duestere-strasse-2","status":"publish","type":"post","link":"https:\/\/www.andreas-edler.de\/blog\/2011\/09\/duestere-strasse-2\/","title":{"rendered":"D\u00fcstere Stra\u00dfe"},"content":{"rendered":"<p>Tja, da wurde gestern im Ausschuss f\u00fcr Stadtentwicklung sehr viel diskutiert und geredet, aber so richtig nach vorne gekommen sind wir nicht. Zum Einen lag kein &#8211; wie eigentlich gefordert &#8211; zumindest rudiment\u00e4res Konzept vor, welche Stra\u00dfen grunds\u00e4tzlich wom\u00f6glich nicht ben\u00f6tigt werden und zum Anderen war man sich nicht einig, ob speziell diese Stra\u00dfe nun wirklich ben\u00f6tigt wird oder nicht. Und ich bin auch ein wenig erstaunt dar\u00fcber, dass die Instandsetzung im Juni 220 TEUR und im September nur noch 120 TEUR kosten soll.<\/p>\n<p><a href=\"http:\/\/www.andreas-edler.de\/blog\/2011\/06\/duestere-strasse\/\">Ich habe sowohl hier<\/a> als auch <a href=\"http:\/\/www.gruene-badoeynhausen.de\/cms\/index.php\/presse\/65-duestere-strasse\">auf der Seite der Gr\u00fcnen Bad Oeynhausen<\/a> deutlich gemacht, dass ich den Vorschlag der Verwaltung unterst\u00fctze, die Stra\u00dfe f\u00fcr den &#8222;normalen&#8220; Verkehr zu sperren und nur noch f\u00fcr den landwirtschaftlichen Verkehr bzw. Fu\u00dfg\u00e4nger und Radfahrer freizugeben. \u00c4hnlich sehen das auch etliche der Anwohner der benachbarten Stra\u00dfen, die eine entsprechende Mitteilung an die Verwaltung sandten. <\/p>\n<p>Ausgerechnet ein Argument f\u00fcr den Verzicht auf die D\u00fcstere Stra\u00dfe kam gestern \u00fcbrigens von den vehementen Bef\u00fcrwortern des Ausbaus bzw. der Ert\u00fcchtigung! Die Br\u00fccke \u00fcber den Wulferdingser Bach tr\u00e4gt laut entsprechender Gutachten den vergleichweise geringen landwirtschaftlichen Verkehr ohne weiteres, m\u00fcsste aber f\u00fcr eine gesamtverkehrliche Freigabe renoviert werden. Zu nicht unerheblichen Kosten. &#8222;Es kann ja wohl nicht sein, dass die Br\u00fccke einen M\u00e4hdrescher aush\u00e4lt, aber keine drei Autos!&#8220; war die deutlich vorgetragene Aussage, bei der ich ziemlich schmunzeln musste. M\u00e4hdrescher fahren auf der D\u00fcsteren Stra\u00dfe zur Erntezeit. Ein paar. Aber auch nur 3 Autos?<\/p>\n<p>Sagen wir ganz gro\u00dfz\u00fcgig, die Br\u00fccke muss 50 Fahrten mit einem M\u00e4hdrescher im Jahr aushalten. Verglichen wird das mit 3 Autos. 3 x 50 sind 150. Wenn im Jahr Einhundertf\u00fcnfzig Autos die D\u00fcstere Stra\u00dfe befahren, dann ist sie \u00fcberfl\u00fcssig wie ein Kropf! Es sind nat\u00fcrlich mehr. Und genau deshalb tr\u00e4gt die Br\u00fccke auch den eher geringen landwirtschaftlichen Verkehr ohne Instandsetzung und nicht den &#8222;normalen&#8220; Verkehr. Und weil wir das Geld nicht haben, m\u00fcssen wir auch gar nicht dar\u00fcber reden!<\/p>\n<p>Auch war ich in den letzten Monaten etliche Male in der Ecke und bin alle Stra\u00dfen rundherum abgefahren. Es ist wie ich es schon mehrfach gesagt habe: es gibt genug Alternativrouten, die Umwege von vielleicht 500 Metern bedeuten. Vor dem Hintergrund, dass die Handwerkerstra\u00dfe sowieso von der Nordumgehungstrasse zerschnitten wird und es sich dann bei der D\u00fcsteren Stra\u00dfe eben nicht mehr um eine bequeme Nord-S\u00fcd-Verbindung handelt. Wenn man auf eine Stra\u00dfe verzichten kann, dann auf die D\u00fcstere!<\/p>\n<p>Und so lautete der Beschlu\u00df denn gestern auch, dass wir auf ein Gesamtkonzept warten &#8211; das kann laut Verwaltung durchaus ein Jahr oder l\u00e4nger dauern &#8211; und dass die Stra\u00dfe f\u00fcr Fu\u00dfg\u00e4nger, Fahrr\u00e4der und den landwirtschaftlichen Verkehr freigegeben wird. Und sonst nichts. Und das ist gut so. In der Zeit werden wir feststellen, dass weder die Welt untergeht, noch der Verkehr kollabiert.<\/p>\n","protected":false},"excerpt":{"rendered":"<p>Tja, da wurde gestern im Ausschuss f\u00fcr Stadtentwicklung sehr viel diskutiert und geredet, aber so richtig nach vorne gekommen sind wir nicht. Zum Einen lag kein &#8211; wie eigentlich gefordert &#8211; zumindest rudiment\u00e4res Konzept vor, welche Stra\u00dfen grunds\u00e4tzlich wom\u00f6glich nicht &hellip;<\/p>\n<p class=\"read-more\"> <a class=\"more-link\" href=\"https:\/\/www.andreas-edler.de\/blog\/2011\/09\/duestere-strasse-2\/\"> <span class=\"screen-reader-text\">D\u00fcstere Stra\u00dfe<\/span> Weiterlesen &raquo;<\/a><\/p>\n","protected":false},"author":1,"featured_media":0,"comment_status":"open","ping_status":"open","sticky":false,"template":"","format":"standard","meta":{"ngg_post_thumbnail":0,"activitypub_content_warning":"","activitypub_content_visibility":"","activitypub_max_image_attachments":2,"activitypub_interaction_policy_quote":"anyone","activitypub_status":"","footnotes":""},"categories":[14,45,13],"tags":[77,72],"class_list":["post-10476","post","type-post","status-publish","format-standard","hentry","category-bad-oeynhausen","category-politik","category-verkehr","tag-stadtrat","tag-verwaltung"],"share_on_mastodon":{"url":"","error":""},"_links":{"self":[{"href":"https:\/\/www.andreas-edler.de\/blog\/wp-json\/wp\/v2\/posts\/10476","targetHints":{"allow":["GET"]}}],"collection":[{"href":"https:\/\/www.andreas-edler.de\/blog\/wp-json\/wp\/v2\/posts"}],"about":[{"href":"https:\/\/www.andreas-edler.de\/blog\/wp-json\/wp\/v2\/types\/post"}],"author":[{"embeddable":true,"href":"https:\/\/www.andreas-edler.de\/blog\/wp-json\/wp\/v2\/users\/1"}],"replies":[{"embeddable":true,"href":"https:\/\/www.andreas-edler.de\/blog\/wp-json\/wp\/v2\/comments?post=10476"}],"version-history":[{"count":0,"href":"https:\/\/www.andreas-edler.de\/blog\/wp-json\/wp\/v2\/posts\/10476\/revisions"}],"wp:attachment":[{"href":"https:\/\/www.andreas-edler.de\/blog\/wp-json\/wp\/v2\/media?parent=10476"}],"wp:term":[{"taxonomy":"category","embeddable":true,"href":"https:\/\/www.andreas-edler.de\/blog\/wp-json\/wp\/v2\/categories?post=10476"},{"taxonomy":"post_tag","embeddable":true,"href":"https:\/\/www.andreas-edler.de\/blog\/wp-json\/wp\/v2\/tags?post=10476"}],"curies":[{"name":"wp","href":"https:\/\/api.w.org\/{rel}","templated":true}]}}