{"id":10170,"date":"2011-08-21T10:43:49","date_gmt":"2011-08-21T08:43:49","guid":{"rendered":"http:\/\/www.andreas-edler.de\/blog\/?p=10170"},"modified":"2013-11-02T14:45:02","modified_gmt":"2013-11-02T13:45:02","slug":"besuch-2","status":"publish","type":"post","link":"https:\/\/www.andreas-edler.de\/blog\/2011\/08\/besuch-2\/","title":{"rendered":"Besuch"},"content":{"rendered":"<p style=\"text-align:center;\"><img decoding=\"async\" src=\"http:\/\/www.andreas-edler.de\/grafik\/blog_2011\/20110821_raupe.jpg\" width=\"470\" border=\"0\" alt=\"\" title=\"\"><\/p>\n<p> Das Biest trieb sich gestern vor unserer Haust\u00fcr rum und sorgte f\u00fcr einen gro\u00dfen Menschenauflauf. War wohl knapp 10 Zentimeter lang und ziemlich fix. Und konnte sich sehr schmal machen, um zwischen Steinen hindurch zu schl\u00fcpfen. Scheint ein Weidenbohrer zu sein und er t\u00e4te gut daran, sich nicht zu <a href=\"https:\/\/secure.wikimedia.org\/wikipedia\/de\/wiki\/Weidenbohrer\">einem Falter<\/a> zu entwickeln. Als Raupe ist er n\u00e4mlich deutlich ansehnlicher!<\/p>\n","protected":false},"excerpt":{"rendered":"<p>Das Biest trieb sich gestern vor unserer Haust\u00fcr rum und sorgte f\u00fcr einen gro\u00dfen Menschenauflauf. War wohl knapp 10 Zentimeter lang und ziemlich fix. Und konnte sich sehr schmal machen, um zwischen Steinen hindurch zu schl\u00fcpfen. Scheint ein Weidenbohrer zu &hellip;<\/p>\n<p class=\"read-more\"> <a class=\"more-link\" href=\"https:\/\/www.andreas-edler.de\/blog\/2011\/08\/besuch-2\/\"> <span class=\"screen-reader-text\">Besuch<\/span> Weiterlesen &raquo;<\/a><\/p>\n","protected":false},"author":1,"featured_media":0,"comment_status":"open","ping_status":"open","sticky":false,"template":"","format":"standard","meta":{"ngg_post_thumbnail":0,"activitypub_content_warning":"","activitypub_content_visibility":"","activitypub_max_image_attachments":2,"activitypub_interaction_policy_quote":"anyone","activitypub_status":"","footnotes":""},"categories":[1],"tags":[4,70],"class_list":["post-10170","post","type-post","status-publish","format-standard","hentry","category-allgemein","tag-foto","tag-umwelt"],"share_on_mastodon":{"url":"","error":""},"_links":{"self":[{"href":"https:\/\/www.andreas-edler.de\/blog\/wp-json\/wp\/v2\/posts\/10170","targetHints":{"allow":["GET"]}}],"collection":[{"href":"https:\/\/www.andreas-edler.de\/blog\/wp-json\/wp\/v2\/posts"}],"about":[{"href":"https:\/\/www.andreas-edler.de\/blog\/wp-json\/wp\/v2\/types\/post"}],"author":[{"embeddable":true,"href":"https:\/\/www.andreas-edler.de\/blog\/wp-json\/wp\/v2\/users\/1"}],"replies":[{"embeddable":true,"href":"https:\/\/www.andreas-edler.de\/blog\/wp-json\/wp\/v2\/comments?post=10170"}],"version-history":[{"count":0,"href":"https:\/\/www.andreas-edler.de\/blog\/wp-json\/wp\/v2\/posts\/10170\/revisions"}],"wp:attachment":[{"href":"https:\/\/www.andreas-edler.de\/blog\/wp-json\/wp\/v2\/media?parent=10170"}],"wp:term":[{"taxonomy":"category","embeddable":true,"href":"https:\/\/www.andreas-edler.de\/blog\/wp-json\/wp\/v2\/categories?post=10170"},{"taxonomy":"post_tag","embeddable":true,"href":"https:\/\/www.andreas-edler.de\/blog\/wp-json\/wp\/v2\/tags?post=10170"}],"curies":[{"name":"wp","href":"https:\/\/api.w.org\/{rel}","templated":true}]}}