{"id":10116,"date":"2011-08-06T23:59:18","date_gmt":"2011-08-06T21:59:18","guid":{"rendered":"http:\/\/www.andreas-edler.de\/blog\/?p=10116"},"modified":"2011-08-07T00:39:55","modified_gmt":"2011-08-06T22:39:55","slug":"parklichter-2011","status":"publish","type":"post","link":"https:\/\/www.andreas-edler.de\/blog\/2011\/08\/parklichter-2011\/","title":{"rendered":"Parklichter 2011"},"content":{"rendered":"<p>Wie jedes Jahr sind wir auch in 2011 wieder in den Kurpark gepilgert, als das gro\u00dfe Feuerwerk anstand. Einmal in die Runde, einmal Raupe fahren &#8211; heute sogar noch die Geisterbahn ausprobiert &#8211; und dann vorne am Springbrunnen aufstellen und auf die Raketen warten. <\/p>\n<p style=\"text-align:center;font-size: smaller;\"><img decoding=\"async\" src=\"http:\/\/www.andreas-edler.de\/grafik\/blog_2011\/20110806_parklichter_1.jpg\" width=\"470\" border=\"0\" alt=\"\" title=\"\"><\/p>\n<p> Der Kurpark war schick zurecht gemacht. Schneelandschaft, Beleuchtung, weniger Buden als sonst hatte ich so das Gef\u00fchl &#8211; und weniger Besucher. Mindestens letzteres ist sicher dem sehr unbest\u00e4ndigen, wenn auch warmen Wetter geschuldet. <\/p>\n<p style=\"text-align:center;font-size: smaller;\"><img decoding=\"async\" src=\"http:\/\/www.andreas-edler.de\/grafik\/blog_2011\/20110806_parklichter_2.jpg\" width=\"470\" border=\"0\" alt=\"\" title=\"\"><\/p>\n<p> Wir standen dieses Jahr zum ersten Mal ganz vorne an der Wiese vor dem Kurhausvorplatz und hatten einen ganz ausgezeichneten Blick auf die &#8222;Startrampen&#8220;. Ich glaube aber, weiter hinten kann man das Feruwerk als ganzes besser genie\u00dfen. So weit vorne spielt sich sehr viel direkt \u00fcber dem Kof ab und man hat nie das ganze Bild vor Augen. <\/p>\n<p style=\"text-align:center;font-size: smaller;\"><img decoding=\"async\" src=\"http:\/\/www.andreas-edler.de\/grafik\/blog_2011\/20110806_parklichter_3.jpg\" width=\"470\" border=\"0\" alt=\"\" title=\"\"><\/p>\n<p> War trotzdem sehr sch\u00f6n! Und die Musik war auch nicht so schrebbelig und \u00fcberlaut wie im letzten Jahr. Das war wirklich grottig. Wir standen heuer &#8211; d\u00f6sigerweise &#8211; direkt vor einer Box und der Klang war \u00fcberraschenderweise sehr gut. Nach 20 oder 25 Minuten war leider auch schon wieder alles vorbei und es wurde ordentlich applaudiert. <\/p>\n<p style=\"text-align:center;font-size: smaller;\"><img decoding=\"async\" src=\"http:\/\/www.andreas-edler.de\/grafik\/blog_2011\/20110806_parklichter_4.jpg\" width=\"470\" border=\"0\" alt=\"\" title=\"\"><\/p>\n<p> Feierabend, ab ins Bett ;-)<\/p>\n","protected":false},"excerpt":{"rendered":"<p>Wie jedes Jahr sind wir auch in 2011 wieder in den Kurpark gepilgert, als das gro\u00dfe Feuerwerk anstand. Einmal in die Runde, einmal Raupe fahren &#8211; heute sogar noch die Geisterbahn ausprobiert &#8211; und dann vorne am Springbrunnen aufstellen und &hellip;<\/p>\n<p class=\"read-more\"> <a class=\"more-link\" href=\"https:\/\/www.andreas-edler.de\/blog\/2011\/08\/parklichter-2011\/\"> <span class=\"screen-reader-text\">Parklichter 2011<\/span> Weiterlesen &raquo;<\/a><\/p>\n","protected":false},"author":1,"featured_media":0,"comment_status":"open","ping_status":"open","sticky":false,"template":"","format":"standard","meta":{"ngg_post_thumbnail":0,"activitypub_content_warning":"","activitypub_content_visibility":"","activitypub_max_image_attachments":2,"activitypub_interaction_policy_quote":"anyone","activitypub_status":"","footnotes":""},"categories":[14],"tags":[17,21],"class_list":["post-10116","post","type-post","status-publish","format-standard","hentry","category-bad-oeynhausen","tag-auf-der-piste","tag-feier"],"share_on_mastodon":{"url":"","error":""},"_links":{"self":[{"href":"https:\/\/www.andreas-edler.de\/blog\/wp-json\/wp\/v2\/posts\/10116","targetHints":{"allow":["GET"]}}],"collection":[{"href":"https:\/\/www.andreas-edler.de\/blog\/wp-json\/wp\/v2\/posts"}],"about":[{"href":"https:\/\/www.andreas-edler.de\/blog\/wp-json\/wp\/v2\/types\/post"}],"author":[{"embeddable":true,"href":"https:\/\/www.andreas-edler.de\/blog\/wp-json\/wp\/v2\/users\/1"}],"replies":[{"embeddable":true,"href":"https:\/\/www.andreas-edler.de\/blog\/wp-json\/wp\/v2\/comments?post=10116"}],"version-history":[{"count":0,"href":"https:\/\/www.andreas-edler.de\/blog\/wp-json\/wp\/v2\/posts\/10116\/revisions"}],"wp:attachment":[{"href":"https:\/\/www.andreas-edler.de\/blog\/wp-json\/wp\/v2\/media?parent=10116"}],"wp:term":[{"taxonomy":"category","embeddable":true,"href":"https:\/\/www.andreas-edler.de\/blog\/wp-json\/wp\/v2\/categories?post=10116"},{"taxonomy":"post_tag","embeddable":true,"href":"https:\/\/www.andreas-edler.de\/blog\/wp-json\/wp\/v2\/tags?post=10116"}],"curies":[{"name":"wp","href":"https:\/\/api.w.org\/{rel}","templated":true}]}}