{"id":10110,"date":"2011-08-04T22:11:42","date_gmt":"2011-08-04T20:11:42","guid":{"rendered":"http:\/\/www.andreas-edler.de\/blog\/?p=10110"},"modified":"2013-11-02T14:45:02","modified_gmt":"2013-11-02T13:45:02","slug":"gnome-3-oder-unity","status":"publish","type":"post","link":"https:\/\/www.andreas-edler.de\/blog\/2011\/08\/gnome-3-oder-unity\/","title":{"rendered":"Gnome 3 oder Unity"},"content":{"rendered":"<p>Habe ich schon gesagt, dass ich die neuen Oberfl\u00e4chen, die mit Ubuntu 11 kommen \u00fcberhaupt nicht mag? Und ich bin da ganz offensichtlich nicht allein. <a href=\"http:\/\/www.heise.de\/open\/meldung\/Linus-Torvalds-ueberwirft-sich-mit-Gnome-3-1318200.html\">Auch berufener Mund kann sich damit nicht anfreunden!<\/a> Puh, und ich dachte schon, ich w\u00e4re zu doof und w\u00fcrde nur nicht verstehen, was da f\u00fcr eine geniale Raketentechnik hinter steckt!<\/p>\n","protected":false},"excerpt":{"rendered":"<p>Habe ich schon gesagt, dass ich die neuen Oberfl\u00e4chen, die mit Ubuntu 11 kommen \u00fcberhaupt nicht mag? Und ich bin da ganz offensichtlich nicht allein. Auch berufener Mund kann sich damit nicht anfreunden! Puh, und ich dachte schon, ich w\u00e4re &hellip;<\/p>\n<p class=\"read-more\"> <a class=\"more-link\" href=\"https:\/\/www.andreas-edler.de\/blog\/2011\/08\/gnome-3-oder-unity\/\"> <span class=\"screen-reader-text\">Gnome 3 oder Unity<\/span> Weiterlesen &raquo;<\/a><\/p>\n","protected":false},"author":1,"featured_media":0,"comment_status":"open","ping_status":"open","sticky":false,"template":"","format":"standard","meta":{"ngg_post_thumbnail":0,"activitypub_content_warning":"","activitypub_content_visibility":"","activitypub_max_image_attachments":2,"activitypub_interaction_policy_quote":"anyone","activitypub_status":"","footnotes":""},"categories":[1],"tags":[24,66],"class_list":["post-10110","post","type-post","status-publish","format-standard","hentry","category-allgemein","tag-computer","tag-mecker"],"share_on_mastodon":{"url":"","error":""},"_links":{"self":[{"href":"https:\/\/www.andreas-edler.de\/blog\/wp-json\/wp\/v2\/posts\/10110","targetHints":{"allow":["GET"]}}],"collection":[{"href":"https:\/\/www.andreas-edler.de\/blog\/wp-json\/wp\/v2\/posts"}],"about":[{"href":"https:\/\/www.andreas-edler.de\/blog\/wp-json\/wp\/v2\/types\/post"}],"author":[{"embeddable":true,"href":"https:\/\/www.andreas-edler.de\/blog\/wp-json\/wp\/v2\/users\/1"}],"replies":[{"embeddable":true,"href":"https:\/\/www.andreas-edler.de\/blog\/wp-json\/wp\/v2\/comments?post=10110"}],"version-history":[{"count":0,"href":"https:\/\/www.andreas-edler.de\/blog\/wp-json\/wp\/v2\/posts\/10110\/revisions"}],"wp:attachment":[{"href":"https:\/\/www.andreas-edler.de\/blog\/wp-json\/wp\/v2\/media?parent=10110"}],"wp:term":[{"taxonomy":"category","embeddable":true,"href":"https:\/\/www.andreas-edler.de\/blog\/wp-json\/wp\/v2\/categories?post=10110"},{"taxonomy":"post_tag","embeddable":true,"href":"https:\/\/www.andreas-edler.de\/blog\/wp-json\/wp\/v2\/tags?post=10110"}],"curies":[{"name":"wp","href":"https:\/\/api.w.org\/{rel}","templated":true}]}}